{"id":7641,"date":"2022-06-02T11:58:46","date_gmt":"2022-06-02T14:58:46","guid":{"rendered":"https:\/\/radiostudiow.com.br\/site\/?p=7641"},"modified":"2025-01-31T15:10:06","modified_gmt":"2025-01-31T18:10:06","slug":"prf-atende-colisao-frontal-com-obito-em-teixeira-soares","status":"publish","type":"post","link":"https:\/\/radiostudiow.com.br\/site\/2022\/06\/02\/prf-atende-colisao-frontal-com-obito-em-teixeira-soares\/","title":{"rendered":"PRF atende colis\u00e3o frontal com \u00f3bito em Teixeira Soares"},"content":{"rendered":"\n<figure class=\"wp-block-image size-full\"><img decoding=\"async\" src=\"https:\/\/radiostudiow.com.br\/site\/wp-content\/uploads\/2022\/05\/NUTRI-MALLET.jpg\" alt=\"\" class=\"wp-image-7282\"\/><\/figure>\n\n\n\n<p>A PRF atendeu um grave acidente tipo colis\u00e3o frontal entre tr\u00eas ve\u00edculos no munic\u00edpio de Teixeira Soares no km-220 da BR-277. Por volta das 20:00 horas dessa quarta-feira (01).<\/p>\n\n\n\n<p>Um homem o qual at\u00e9 o momento n\u00e3o foi identificado entrou em \u00f3bito no local, o mesmo ocupava um ve\u00edculo Vectra carregado com vinho. <\/p>\n\n\n\n<p>No segundo ve\u00edculo da secretaria de sa\u00fade do estado do Paran\u00e1, tr\u00eas pessoas foram encaminhadas com les\u00f5es para o Hospital de Irati.<\/p>\n\n\n\n<p>O terceiro ve\u00edculo era ocupado por apenas um homem de aproximadamente 40 anos o qual n\u00e3o teve les\u00f5es.<\/p>\n\n\n\n<p>O acidente ocorreu quando o condutor do ve\u00edculo Vectra realizada ultrapassagem em local proibido.<\/p>\n\n\n\n<figure class=\"wp-block-image size-large\"><img decoding=\"async\" src=\"https:\/\/radiostudiow.com.br\/site\/wp-content\/uploads\/2022\/05\/190504470_2926345644306594_6827123088034551019_n-1024x386.jpg\" alt=\"\" class=\"wp-image-7234\"\/><\/figure>\n","protected":false},"excerpt":{"rendered":"<p>A PRF atendeu um grave acidente tipo colis\u00e3o frontal entre tr\u00eas ve\u00edculos no munic\u00edpio de Teixeira Soares no km-220 da BR-277. Por volta das 20:00 horas dessa quarta-feira (01). Um homem o qual at\u00e9 o momento n\u00e3o foi identificado entrou em \u00f3bito no local, o mesmo ocupava um ve\u00edculo Vectra carregado com vinho. No segundo [&hellip;]<\/p>\n","protected":false},"author":2,"featured_media":0,"comment_status":"open","ping_status":"open","sticky":false,"template":"","format":"standard","meta":{"footnotes":""},"categories":[2],"tags":[172],"class_list":["post-7641","post","type-post","status-publish","format-standard","hentry","category-policial","tag-featured"],"amp_enabled":true,"_links":{"self":[{"href":"https:\/\/radiostudiow.com.br\/site\/wp-json\/wp\/v2\/posts\/7641","targetHints":{"allow":["GET"]}}],"collection":[{"href":"https:\/\/radiostudiow.com.br\/site\/wp-json\/wp\/v2\/posts"}],"about":[{"href":"https:\/\/radiostudiow.com.br\/site\/wp-json\/wp\/v2\/types\/post"}],"author":[{"embeddable":true,"href":"https:\/\/radiostudiow.com.br\/site\/wp-json\/wp\/v2\/users\/2"}],"replies":[{"embeddable":true,"href":"https:\/\/radiostudiow.com.br\/site\/wp-json\/wp\/v2\/comments?post=7641"}],"version-history":[{"count":1,"href":"https:\/\/radiostudiow.com.br\/site\/wp-json\/wp\/v2\/posts\/7641\/revisions"}],"predecessor-version":[{"id":7643,"href":"https:\/\/radiostudiow.com.br\/site\/wp-json\/wp\/v2\/posts\/7641\/revisions\/7643"}],"wp:attachment":[{"href":"https:\/\/radiostudiow.com.br\/site\/wp-json\/wp\/v2\/media?parent=7641"}],"wp:term":[{"taxonomy":"category","embeddable":true,"href":"https:\/\/radiostudiow.com.br\/site\/wp-json\/wp\/v2\/categories?post=7641"},{"taxonomy":"post_tag","embeddable":true,"href":"https:\/\/radiostudiow.com.br\/site\/wp-json\/wp\/v2\/tags?post=7641"}],"curies":[{"name":"wp","href":"https:\/\/api.w.org\/{rel}","templated":true}]}}