{"id":7644,"date":"2022-06-02T16:08:36","date_gmt":"2022-06-02T19:08:36","guid":{"rendered":"https:\/\/radiostudiow.com.br\/site\/?p=7644"},"modified":"2025-01-31T15:10:06","modified_gmt":"2025-01-31T18:10:06","slug":"futsal-masculino-b-do-colegio-dario-veloso-se-classifica-para-fase-macrorregional-dos-68o-jeps-em-pinhao","status":"publish","type":"post","link":"https:\/\/radiostudiow.com.br\/site\/2022\/06\/02\/futsal-masculino-b-do-colegio-dario-veloso-se-classifica-para-fase-macrorregional-dos-68o-jeps-em-pinhao\/","title":{"rendered":"Futsal masculino B do Col\u00e9gio Dario Veloso se classifica para Fase macrorregional dos 68\u00ba JEP&#8217;s em Pinh\u00e3o"},"content":{"rendered":"\n<figure class=\"wp-block-image size-full\"><img decoding=\"async\" src=\"https:\/\/radiostudiow.com.br\/site\/wp-content\/uploads\/2022\/05\/SEPAC.jpg\" alt=\"\" class=\"wp-image-7600\"\/><\/figure>\n\n\n\n<p>Esta semana na cidade de Teixeira Soares, foi realizado a edi\u00e7\u00e3o dos 68\u00ba JEP&#8217;s (Jogos Escolares do Paran\u00e1), fase Regional, que reuniu v\u00e1rias cidades que pertencem ao N\u00facleo Regional de Educa\u00e7\u00e3o de Irati.<\/p>\n\n\n\n<p>Com as escolas participantes de Mallet, o Col\u00e9gio Estadual Professor Dario Veloso, foi campe\u00e3 no futsal masculino B e acabou se classificando para a fase macro regional, que ocorre entre os dias 15 a 19 de junho, na cidade de Pinh\u00e3o, localizado na regi\u00e3o centro sul do Estado.<\/p>\n\n\n\n<p>Al\u00e9m das modalidades coletivas, que teve como t\u00e9cnicas as professoras de educa\u00e7\u00e3o f\u00edsica Vanessa Borsatto (Tuca), Mari\u00e1 Brzezinski e Joanita Cheliga,<br>outro atleta que se destacou no individual foi o aluno do Dario Veloso, Alexandre Ant\u00f4nio S\u00e1, o qual foi campe\u00e3o no atletismo nos 3 mil metros, chegando inclusive uma volta \u00e0 frente do segundo colocado e tem grandes chances de passar para as finais dos Jogos Escolares do Paran\u00e1 que acontecer\u00e1 na cidade de Pato Branco, pois tem \u00edndice favor\u00e1vel para a classifica\u00e7\u00e3o.<\/p>\n\n\n\n<figure class=\"wp-block-gallery has-nested-images columns-default is-cropped wp-block-gallery-1 is-layout-flex wp-block-gallery-is-layout-flex\">\n<figure class=\"wp-block-image size-large\"><img decoding=\"async\" data-id=\"7649\" src=\"https:\/\/radiostudiow.com.br\/site\/wp-content\/uploads\/2022\/06\/438da429-bf08-426e-897d-374b6dd8a2d1-1-768x1024.jpg\" alt=\"\" class=\"wp-image-7649\"\/><\/figure>\n\n\n\n<figure class=\"wp-block-image size-large\"><img decoding=\"async\" data-id=\"7650\" src=\"https:\/\/radiostudiow.com.br\/site\/wp-content\/uploads\/2022\/06\/b561c30c-4943-4d5d-aa0b-56d88fdffe5e-1-768x1024.jpg\" alt=\"\" class=\"wp-image-7650\"\/><\/figure>\n<\/figure>\n\n\n\n<figure class=\"wp-block-image size-full\"><img decoding=\"async\" src=\"https:\/\/radiostudiow.com.br\/site\/wp-content\/uploads\/2022\/05\/NUTRI-MALLET.jpg\" alt=\"\" class=\"wp-image-7282\"\/><\/figure>\n\n\n\n<p>Ale como \u00e9 conhecido, recebe o treinamento de sua m\u00e3e Roseli S\u00e1, onde se destaca no atletismo e \u00e9 a atual campe\u00e3 do JAM (Jogos Abertos de Mallet).<\/p>\n\n\n\n<p>Na fase macro regional em Pinh\u00e3o, a cidade de Mallet ser\u00e1 representada pelos atletas do Col\u00e9gio Dario Veloso no atletismo masculino A, v\u00f4lei de areia feminino A e no futsal masculino B.<br>A Escola E.C.M. Nicolau Cop\u00e9rnico, levar\u00e1 quatro equipes na modalidade v\u00f4lei de areia, sendo no masculino e feminino tanto nas categorias A e B.<\/p>\n\n\n\n<p>Infelizmente a equipe de futsal feminino do col\u00e9gio Dario Veloso n\u00e3o se classificou para as finais e a equipe de futsal masculino A ficou em 2\u00ba lugar.<br>J\u00e1 a equipe de futsal feminino B, representada pela escola Nicolau Cop\u00e9rnico e campe\u00e3 na fase municipal do JEP&#8217;s, acabou n\u00e3o participando dos jogos na Fase Regional.<\/p>\n\n\n\n<figure class=\"wp-block-gallery has-nested-images columns-default is-cropped wp-block-gallery-2 is-layout-flex wp-block-gallery-is-layout-flex\">\n<figure class=\"wp-block-image size-large\"><img decoding=\"async\" data-id=\"7648\" src=\"https:\/\/radiostudiow.com.br\/site\/wp-content\/uploads\/2022\/06\/2d54bff4-cdfd-432c-b21f-21a51ab5dfe6-1024x768.jpg\" alt=\"\" class=\"wp-image-7648\"\/><\/figure>\n<\/figure>\n\n\n\n<figure class=\"wp-block-image size-full\"><img decoding=\"async\" src=\"https:\/\/radiostudiow.com.br\/site\/wp-content\/uploads\/2022\/05\/WRNET.jpg\" alt=\"\" class=\"wp-image-7328\"\/><\/figure>\n","protected":false},"excerpt":{"rendered":"<p>Esta semana na cidade de Teixeira Soares, foi realizado a edi\u00e7\u00e3o dos 68\u00ba JEP&#8217;s (Jogos Escolares do Paran\u00e1), fase Regional, que reuniu v\u00e1rias cidades que pertencem ao N\u00facleo Regional de Educa\u00e7\u00e3o de Irati. Com as escolas participantes de Mallet, o Col\u00e9gio Estadual Professor Dario Veloso, foi campe\u00e3 no futsal masculino B e acabou se classificando [&hellip;]<\/p>\n","protected":false},"author":2,"featured_media":0,"comment_status":"open","ping_status":"open","sticky":false,"template":"","format":"standard","meta":{"footnotes":""},"categories":[184],"tags":[172],"class_list":["post-7644","post","type-post","status-publish","format-standard","hentry","category-local","tag-featured"],"amp_enabled":true,"_links":{"self":[{"href":"https:\/\/radiostudiow.com.br\/site\/wp-json\/wp\/v2\/posts\/7644","targetHints":{"allow":["GET"]}}],"collection":[{"href":"https:\/\/radiostudiow.com.br\/site\/wp-json\/wp\/v2\/posts"}],"about":[{"href":"https:\/\/radiostudiow.com.br\/site\/wp-json\/wp\/v2\/types\/post"}],"author":[{"embeddable":true,"href":"https:\/\/radiostudiow.com.br\/site\/wp-json\/wp\/v2\/users\/2"}],"replies":[{"embeddable":true,"href":"https:\/\/radiostudiow.com.br\/site\/wp-json\/wp\/v2\/comments?post=7644"}],"version-history":[{"count":1,"href":"https:\/\/radiostudiow.com.br\/site\/wp-json\/wp\/v2\/posts\/7644\/revisions"}],"predecessor-version":[{"id":7651,"href":"https:\/\/radiostudiow.com.br\/site\/wp-json\/wp\/v2\/posts\/7644\/revisions\/7651"}],"wp:attachment":[{"href":"https:\/\/radiostudiow.com.br\/site\/wp-json\/wp\/v2\/media?parent=7644"}],"wp:term":[{"taxonomy":"category","embeddable":true,"href":"https:\/\/radiostudiow.com.br\/site\/wp-json\/wp\/v2\/categories?post=7644"},{"taxonomy":"post_tag","embeddable":true,"href":"https:\/\/radiostudiow.com.br\/site\/wp-json\/wp\/v2\/tags?post=7644"}],"curies":[{"name":"wp","href":"https:\/\/api.w.org\/{rel}","templated":true}]}}