{"id":7666,"date":"2022-06-03T11:01:33","date_gmt":"2022-06-03T14:01:33","guid":{"rendered":"https:\/\/radiostudiow.com.br\/site\/?p=7666"},"modified":"2025-01-31T15:10:06","modified_gmt":"2025-01-31T18:10:06","slug":"acidente-causa-morte-de-motorista-na-br-280-em-mafra","status":"publish","type":"post","link":"https:\/\/radiostudiow.com.br\/site\/2022\/06\/03\/acidente-causa-morte-de-motorista-na-br-280-em-mafra\/","title":{"rendered":"Acidente causa morte de motorista na BR-280 em Mafra"},"content":{"rendered":"\n<figure class=\"wp-block-image size-full\"><img decoding=\"async\" src=\"https:\/\/radiostudiow.com.br\/site\/wp-content\/uploads\/2022\/03\/SICREDI.jpg\" alt=\"\" class=\"wp-image-6409\"\/><\/figure>\n\n\n\n<p>Um acidente por volta das 15:00 horas desta quinta-feira, 02 de junho, causou a morte de um homem de 33 anos que conduzia um Astra, na localidade de Espig\u00e3o do Bugre, na BR 280, em Mafra. Segundo a Pol\u00edcia Rodovi\u00e1ria Federal (PRF), o Astra tinha placas de Mafra, e o caminh\u00e3o era um Ford Cargo 815, de Itaja\u00ed (SC).<\/p>\n\n\n\n<p>Equipes do Corpo de Bombeiros de Mafra foram acionadas, por\u00e9m o motorista do Astra n\u00e3o resistiu aos ferimentos e morreu no local, sendo acionado o Instituto M\u00e9dico Legal (IML). Ap\u00f3s a retirada do corpo da v\u00edtima, os bombeiros fizeram a retirada dos ve\u00edculos do local.<\/p>\n\n\n\n<p>Apesar de sair da pista ap\u00f3s a batida, o motorista do caminh\u00e3o, de 29 anos, ficou ileso.<\/p>\n\n\n\n<figure class=\"wp-block-image size-full is-resized\"><img loading=\"lazy\" decoding=\"async\" src=\"https:\/\/radiostudiow.com.br\/site\/wp-content\/uploads\/2022\/04\/WRNET.jpg\" alt=\"\" class=\"wp-image-7082\" width=\"598\" height=\"204\"\/><\/figure>\n\n\n\n<figure class=\"wp-block-gallery has-nested-images columns-default is-cropped wp-block-gallery-1 is-layout-flex wp-block-gallery-is-layout-flex\">\n<figure class=\"wp-block-image size-large\"><img decoding=\"async\" data-id=\"7667\" src=\"https:\/\/radiostudiow.com.br\/site\/wp-content\/uploads\/2022\/06\/4e33486a-b5cc-442c-99b6-143e6e1f471a-1.jpg\" alt=\"\" class=\"wp-image-7667\"\/><\/figure>\n\n\n\n<figure class=\"wp-block-image size-large\"><img decoding=\"async\" data-id=\"7668\" src=\"https:\/\/radiostudiow.com.br\/site\/wp-content\/uploads\/2022\/06\/26a1e54b-b9c1-4f91-9649-25af8ef0f892-1.jpg\" alt=\"\" class=\"wp-image-7668\"\/><\/figure>\n<\/figure>\n","protected":false},"excerpt":{"rendered":"<p>Um acidente por volta das 15:00 horas desta quinta-feira, 02 de junho, causou a morte de um homem de 33 anos que conduzia um Astra, na localidade de Espig\u00e3o do Bugre, na BR 280, em Mafra. Segundo a Pol\u00edcia Rodovi\u00e1ria Federal (PRF), o Astra tinha placas de Mafra, e o caminh\u00e3o era um Ford Cargo [&hellip;]<\/p>\n","protected":false},"author":2,"featured_media":0,"comment_status":"open","ping_status":"open","sticky":false,"template":"","format":"standard","meta":{"footnotes":""},"categories":[2],"tags":[172],"class_list":["post-7666","post","type-post","status-publish","format-standard","hentry","category-policial","tag-featured"],"amp_enabled":true,"_links":{"self":[{"href":"https:\/\/radiostudiow.com.br\/site\/wp-json\/wp\/v2\/posts\/7666","targetHints":{"allow":["GET"]}}],"collection":[{"href":"https:\/\/radiostudiow.com.br\/site\/wp-json\/wp\/v2\/posts"}],"about":[{"href":"https:\/\/radiostudiow.com.br\/site\/wp-json\/wp\/v2\/types\/post"}],"author":[{"embeddable":true,"href":"https:\/\/radiostudiow.com.br\/site\/wp-json\/wp\/v2\/users\/2"}],"replies":[{"embeddable":true,"href":"https:\/\/radiostudiow.com.br\/site\/wp-json\/wp\/v2\/comments?post=7666"}],"version-history":[{"count":1,"href":"https:\/\/radiostudiow.com.br\/site\/wp-json\/wp\/v2\/posts\/7666\/revisions"}],"predecessor-version":[{"id":7670,"href":"https:\/\/radiostudiow.com.br\/site\/wp-json\/wp\/v2\/posts\/7666\/revisions\/7670"}],"wp:attachment":[{"href":"https:\/\/radiostudiow.com.br\/site\/wp-json\/wp\/v2\/media?parent=7666"}],"wp:term":[{"taxonomy":"category","embeddable":true,"href":"https:\/\/radiostudiow.com.br\/site\/wp-json\/wp\/v2\/categories?post=7666"},{"taxonomy":"post_tag","embeddable":true,"href":"https:\/\/radiostudiow.com.br\/site\/wp-json\/wp\/v2\/tags?post=7666"}],"curies":[{"name":"wp","href":"https:\/\/api.w.org\/{rel}","templated":true}]}}