{"id":7671,"date":"2022-06-03T11:05:02","date_gmt":"2022-06-03T14:05:02","guid":{"rendered":"https:\/\/radiostudiow.com.br\/site\/?p=7671"},"modified":"2025-01-31T15:10:06","modified_gmt":"2025-01-31T18:10:06","slug":"colisao-envolve-dois-veiculos-em-sao-mateus-do-sul","status":"publish","type":"post","link":"https:\/\/radiostudiow.com.br\/site\/2022\/06\/03\/colisao-envolve-dois-veiculos-em-sao-mateus-do-sul\/","title":{"rendered":"Colis\u00e3o envolve dois ve\u00edculos em S\u00e3o Mateus do Sul"},"content":{"rendered":"\n<figure class=\"wp-block-image size-full\"><img decoding=\"async\" src=\"https:\/\/radiostudiow.com.br\/site\/wp-content\/uploads\/2022\/04\/SEPAC.jpg\" alt=\"\" class=\"wp-image-7113\"\/><\/figure>\n\n\n\n<p>Um morador de S\u00e3o Mateus do Sul divulgou nas redes sociais, fotos e v\u00eddeo de um acidente envolvendo dois ve\u00edculos, no cruzamento das ruas Guilherme Kantor com Jo\u00e3o Bettega. A ocorr\u00eancia foi registrada por volta de 19:20 horas desta quinta-feira (2).<\/p>\n\n\n\n<p>Nas imagens, \u00e9 poss\u00edvel ver o estrago causado pela batida dos ve\u00edculos, sendo um Fiat\/Siena de cor cinza e uma caminhonete S10 de cor branca.<\/p>\n\n\n\n<figure class=\"wp-block-image size-full\"><img decoding=\"async\" src=\"https:\/\/radiostudiow.com.br\/site\/wp-content\/uploads\/2022\/04\/AFUBRE-IRATI.jpg\" alt=\"\" class=\"wp-image-7116\"\/><\/figure>\n\n\n\n<figure class=\"wp-block-image size-full\"><img decoding=\"async\" src=\"https:\/\/radiostudiow.com.br\/site\/wp-content\/uploads\/2022\/06\/26a1e54b-b9c1-4f91-9649-25af8ef0f892-2.jpg\" alt=\"\" class=\"wp-image-7672\"\/><\/figure>\n","protected":false},"excerpt":{"rendered":"<p>Um morador de S\u00e3o Mateus do Sul divulgou nas redes sociais, fotos e v\u00eddeo de um acidente envolvendo dois ve\u00edculos, no cruzamento das ruas Guilherme Kantor com Jo\u00e3o Bettega. A ocorr\u00eancia foi registrada por volta de 19:20 horas desta quinta-feira (2). Nas imagens, \u00e9 poss\u00edvel ver o estrago causado pela batida dos ve\u00edculos, sendo um [&hellip;]<\/p>\n","protected":false},"author":2,"featured_media":0,"comment_status":"open","ping_status":"open","sticky":false,"template":"","format":"standard","meta":{"footnotes":""},"categories":[2],"tags":[172],"class_list":["post-7671","post","type-post","status-publish","format-standard","hentry","category-policial","tag-featured"],"amp_enabled":true,"_links":{"self":[{"href":"https:\/\/radiostudiow.com.br\/site\/wp-json\/wp\/v2\/posts\/7671","targetHints":{"allow":["GET"]}}],"collection":[{"href":"https:\/\/radiostudiow.com.br\/site\/wp-json\/wp\/v2\/posts"}],"about":[{"href":"https:\/\/radiostudiow.com.br\/site\/wp-json\/wp\/v2\/types\/post"}],"author":[{"embeddable":true,"href":"https:\/\/radiostudiow.com.br\/site\/wp-json\/wp\/v2\/users\/2"}],"replies":[{"embeddable":true,"href":"https:\/\/radiostudiow.com.br\/site\/wp-json\/wp\/v2\/comments?post=7671"}],"version-history":[{"count":1,"href":"https:\/\/radiostudiow.com.br\/site\/wp-json\/wp\/v2\/posts\/7671\/revisions"}],"predecessor-version":[{"id":7674,"href":"https:\/\/radiostudiow.com.br\/site\/wp-json\/wp\/v2\/posts\/7671\/revisions\/7674"}],"wp:attachment":[{"href":"https:\/\/radiostudiow.com.br\/site\/wp-json\/wp\/v2\/media?parent=7671"}],"wp:term":[{"taxonomy":"category","embeddable":true,"href":"https:\/\/radiostudiow.com.br\/site\/wp-json\/wp\/v2\/categories?post=7671"},{"taxonomy":"post_tag","embeddable":true,"href":"https:\/\/radiostudiow.com.br\/site\/wp-json\/wp\/v2\/tags?post=7671"}],"curies":[{"name":"wp","href":"https:\/\/api.w.org\/{rel}","templated":true}]}}