{"id":7676,"date":"2022-06-03T18:28:31","date_gmt":"2022-06-03T21:28:31","guid":{"rendered":"https:\/\/radiostudiow.com.br\/site\/?p=7676"},"modified":"2025-01-31T15:10:06","modified_gmt":"2025-01-31T18:10:06","slug":"jovens-agridem-aluno-de-uma-escola-estadual-em-mallet-e-fogem-na-sequencia-da-policia-militar","status":"publish","type":"post","link":"https:\/\/radiostudiow.com.br\/site\/2022\/06\/03\/jovens-agridem-aluno-de-uma-escola-estadual-em-mallet-e-fogem-na-sequencia-da-policia-militar\/","title":{"rendered":"JOVENS AGRIDEM ALUNO DE UMA ESCOLA ESTADUAL EM MALLET E FOGEM NA SEQU\u00caNCIA DA POL\u00cdCIA MILITAR"},"content":{"rendered":"\n<figure class=\"wp-block-image size-full\"><img decoding=\"async\" src=\"https:\/\/radiostudiow.com.br\/site\/wp-content\/uploads\/2022\/03\/NUTRI-MALLET.jpg\" alt=\"\" class=\"wp-image-6400\"\/><\/figure>\n\n\n\n<p>Nesta quinta-feira (02), a pedagoga da Escola Estadual C\u00edvico Militar Nicolau Cop\u00e9rnico, acionou a equipe da Pol\u00edcia Militar de Mallet ap\u00f3s alguns jovens que n\u00e3o s\u00e3o alunos da escola, entrarem agredirem um aluno.<\/p>\n\n\n\n<p>O fato ocorreu por volta das 12:55 horas, onde de imediato a equipe policial se deslocou at\u00e9 o local e entrou em contato com a solicitante, a qual relatou que dois suspeitos, teriam batido em um aluno menor de idade.<\/p>\n\n\n\n<p>Os autores da agress\u00e3o, posteriormente identificados, se evadiram do local at\u00e9 o momento da chegada da Pol\u00edcia Militar.<\/p>\n\n\n\n<p>Foi realizado rondas pelas proximidades, por\u00e9m, n\u00e3o foram localizados.<\/p>\n\n\n\n<p>Das agress\u00f5es a v\u00edtima apresentou les\u00f5es nos bra\u00e7os e no rosto<\/p>\n\n\n\n<p>A v\u00edtima foi orientada a se deslocar a 10\u00aa DRP para solicitar laudo de les\u00f5es corporais e para as provid\u00eancias cab\u00edveis.<\/p>\n\n\n\n<figure class=\"wp-block-image size-large\"><img decoding=\"async\" src=\"https:\/\/radiostudiow.com.br\/site\/wp-content\/uploads\/2022\/05\/190504470_2926345644306594_6827123088034551019_n-1024x386.jpg\" alt=\"\" class=\"wp-image-7234\"\/><\/figure>\n","protected":false},"excerpt":{"rendered":"<p>Nesta quinta-feira (02), a pedagoga da Escola Estadual C\u00edvico Militar Nicolau Cop\u00e9rnico, acionou a equipe da Pol\u00edcia Militar de Mallet ap\u00f3s alguns jovens que n\u00e3o s\u00e3o alunos da escola, entrarem agredirem um aluno. O fato ocorreu por volta das 12:55 horas, onde de imediato a equipe policial se deslocou at\u00e9 o local e entrou em [&hellip;]<\/p>\n","protected":false},"author":2,"featured_media":7578,"comment_status":"open","ping_status":"open","sticky":false,"template":"","format":"standard","meta":{"footnotes":""},"categories":[2],"tags":[172],"class_list":["post-7676","post","type-post","status-publish","format-standard","has-post-thumbnail","hentry","category-policial","tag-featured"],"amp_enabled":true,"_links":{"self":[{"href":"https:\/\/radiostudiow.com.br\/site\/wp-json\/wp\/v2\/posts\/7676","targetHints":{"allow":["GET"]}}],"collection":[{"href":"https:\/\/radiostudiow.com.br\/site\/wp-json\/wp\/v2\/posts"}],"about":[{"href":"https:\/\/radiostudiow.com.br\/site\/wp-json\/wp\/v2\/types\/post"}],"author":[{"embeddable":true,"href":"https:\/\/radiostudiow.com.br\/site\/wp-json\/wp\/v2\/users\/2"}],"replies":[{"embeddable":true,"href":"https:\/\/radiostudiow.com.br\/site\/wp-json\/wp\/v2\/comments?post=7676"}],"version-history":[{"count":1,"href":"https:\/\/radiostudiow.com.br\/site\/wp-json\/wp\/v2\/posts\/7676\/revisions"}],"predecessor-version":[{"id":7677,"href":"https:\/\/radiostudiow.com.br\/site\/wp-json\/wp\/v2\/posts\/7676\/revisions\/7677"}],"wp:featuredmedia":[{"embeddable":true,"href":"https:\/\/radiostudiow.com.br\/site\/wp-json\/wp\/v2\/media\/7578"}],"wp:attachment":[{"href":"https:\/\/radiostudiow.com.br\/site\/wp-json\/wp\/v2\/media?parent=7676"}],"wp:term":[{"taxonomy":"category","embeddable":true,"href":"https:\/\/radiostudiow.com.br\/site\/wp-json\/wp\/v2\/categories?post=7676"},{"taxonomy":"post_tag","embeddable":true,"href":"https:\/\/radiostudiow.com.br\/site\/wp-json\/wp\/v2\/tags?post=7676"}],"curies":[{"name":"wp","href":"https:\/\/api.w.org\/{rel}","templated":true}]}}