{"id":7678,"date":"2022-06-03T18:31:56","date_gmt":"2022-06-03T21:31:56","guid":{"rendered":"https:\/\/radiostudiow.com.br\/site\/?p=7678"},"modified":"2025-01-31T15:10:06","modified_gmt":"2025-01-31T18:10:06","slug":"homem-e-acredito-em-rio-claro-do-sul-e-suspeito-foge-em-uma-motocicleta","status":"publish","type":"post","link":"https:\/\/radiostudiow.com.br\/site\/2022\/06\/03\/homem-e-acredito-em-rio-claro-do-sul-e-suspeito-foge-em-uma-motocicleta\/","title":{"rendered":"HOMEM \u00c9 AGREDIDO EM RIO CLARO DO SUL E SUSPEITO FOGE EM UMA MOTOCICLETA"},"content":{"rendered":"\n<p><\/p>\n\n\n\n<figure class=\"wp-block-image size-full\"><img decoding=\"async\" src=\"https:\/\/radiostudiow.com.br\/site\/wp-content\/uploads\/2022\/05\/vem_ai.jpg\" alt=\"\" class=\"wp-image-7348\"\/><\/figure>\n\n\n\n<p>A equipe da Pol\u00edcia Militar de Mallet recebeu uma liga\u00e7\u00e3o an\u00f4nima relatando uma situa\u00e7\u00e3o de les\u00e3o corporal na localidade do Distrito de Rio Claro do Sul.<\/p>\n\n\n\n<p>De acordo com a solicita\u00e7\u00e3o, um homem estaria agredindo um outro em via p\u00fablica na Col\u00f4nia Passinhos.<\/p>\n\n\n\n<p>O fato ocorreu por volta das 21:30 horas dessa quinta-feira (02).<\/p>\n\n\n\n<p>Os policiais de imediato se deslocaram at\u00e9 a localidade e entraram em contato com o homem que foi agredido, o qual relatou que o autor \u00e9 um conhecido e afirmou que at\u00e9 a chegada da PM ele saiu de motocicleta tomando rumo ignorado.<\/p>\n\n\n\n<p>A v\u00edtima apresentava um corte acima do superc\u00edlio ao lado esquerdo e algumas escoria\u00e7\u00f5es nas costas.<\/p>\n\n\n\n<p>Os policiais realizaram patrulhamento, por\u00e9m, o autor das agress\u00f5es n\u00e3o foi localizado.<\/p>\n\n\n\n<p>A v\u00edtima foi orientada quanto aos procedimentos cab\u00edveis.<\/p>\n\n\n\n<figure class=\"wp-block-image size-full\"><img decoding=\"async\" src=\"https:\/\/radiostudiow.com.br\/site\/wp-content\/uploads\/2022\/05\/HF-MALLET.jpg\" alt=\"\" class=\"wp-image-7549\"\/><\/figure>\n","protected":false},"excerpt":{"rendered":"<p>A equipe da Pol\u00edcia Militar de Mallet recebeu uma liga\u00e7\u00e3o an\u00f4nima relatando uma situa\u00e7\u00e3o de les\u00e3o corporal na localidade do Distrito de Rio Claro do Sul. De acordo com a solicita\u00e7\u00e3o, um homem estaria agredindo um outro em via p\u00fablica na Col\u00f4nia Passinhos. O fato ocorreu por volta das 21:30 horas dessa quinta-feira (02). Os [&hellip;]<\/p>\n","protected":false},"author":2,"featured_media":7679,"comment_status":"open","ping_status":"open","sticky":false,"template":"","format":"standard","meta":{"footnotes":""},"categories":[2],"tags":[172],"class_list":["post-7678","post","type-post","status-publish","format-standard","has-post-thumbnail","hentry","category-policial","tag-featured"],"amp_enabled":true,"_links":{"self":[{"href":"https:\/\/radiostudiow.com.br\/site\/wp-json\/wp\/v2\/posts\/7678","targetHints":{"allow":["GET"]}}],"collection":[{"href":"https:\/\/radiostudiow.com.br\/site\/wp-json\/wp\/v2\/posts"}],"about":[{"href":"https:\/\/radiostudiow.com.br\/site\/wp-json\/wp\/v2\/types\/post"}],"author":[{"embeddable":true,"href":"https:\/\/radiostudiow.com.br\/site\/wp-json\/wp\/v2\/users\/2"}],"replies":[{"embeddable":true,"href":"https:\/\/radiostudiow.com.br\/site\/wp-json\/wp\/v2\/comments?post=7678"}],"version-history":[{"count":2,"href":"https:\/\/radiostudiow.com.br\/site\/wp-json\/wp\/v2\/posts\/7678\/revisions"}],"predecessor-version":[{"id":7691,"href":"https:\/\/radiostudiow.com.br\/site\/wp-json\/wp\/v2\/posts\/7678\/revisions\/7691"}],"wp:featuredmedia":[{"embeddable":true,"href":"https:\/\/radiostudiow.com.br\/site\/wp-json\/wp\/v2\/media\/7679"}],"wp:attachment":[{"href":"https:\/\/radiostudiow.com.br\/site\/wp-json\/wp\/v2\/media?parent=7678"}],"wp:term":[{"taxonomy":"category","embeddable":true,"href":"https:\/\/radiostudiow.com.br\/site\/wp-json\/wp\/v2\/categories?post=7678"},{"taxonomy":"post_tag","embeddable":true,"href":"https:\/\/radiostudiow.com.br\/site\/wp-json\/wp\/v2\/tags?post=7678"}],"curies":[{"name":"wp","href":"https:\/\/api.w.org\/{rel}","templated":true}]}}