{"id":7683,"date":"2022-06-04T10:41:50","date_gmt":"2022-06-04T13:41:50","guid":{"rendered":"https:\/\/radiostudiow.com.br\/site\/?p=7683"},"modified":"2025-01-31T15:10:06","modified_gmt":"2025-01-31T18:10:06","slug":"homem-com-mandado-de-prisao-em-aberto-pelo-crime-de-homicidio-qualificado-e-preso-em-sao-mateus-do-sul","status":"publish","type":"post","link":"https:\/\/radiostudiow.com.br\/site\/2022\/06\/04\/homem-com-mandado-de-prisao-em-aberto-pelo-crime-de-homicidio-qualificado-e-preso-em-sao-mateus-do-sul\/","title":{"rendered":"Homem com mandado de pris\u00e3o em aberto pelo crime de homic\u00eddio qualificado \u00e9 preso em S\u00e3o Mateus do Sul"},"content":{"rendered":"\n<figure class=\"wp-block-image size-full\"><img decoding=\"async\" src=\"https:\/\/radiostudiow.com.br\/site\/wp-content\/uploads\/2022\/05\/vem_ai.jpg\" alt=\"\" class=\"wp-image-7348\"\/><\/figure>\n\n\n\n<p>O acusado pela morte do jovem Pablo Willian de Lara Ribas Brasil, conhecido como Brasilzinho,\u00a0<a href=\"https:\/\/portalrdx.com.br\/30\/04\/2022\/jovem-de-16-anos-e-morto-com-diversas-facadas-na-vila-bom-jesus-durante-a-madrugada\/\">que foi assassinado no dia 30 de abril<\/a>, foi preso na noite desta sexta-feira (3), pela equipe da Rotam.<\/p>\n\n\n\n<p>De acordo com o boletim de ocorr\u00eancia, ao tomar conhecimento que havia sido expedido o mandado de pris\u00e3o pelo crime de homic\u00eddio qualificado, os policiais realizaram dilig\u00eancias na Vila Bom Jesus, e localizaram o homem na casa da irm\u00e3.<\/p>\n\n\n\n<p>Foi dado voz de pris\u00e3o ao autor e lido seus direitos constitucionais e em seguida encaminhado ao Pronto Atendimento Municipal e posteriormente \u00e0 3\u00aa Subdivis\u00e3o Policial para serem tomadas as devidas provid\u00eancias.<\/p>\n\n\n\n<figure class=\"wp-block-image size-full\"><img decoding=\"async\" src=\"https:\/\/radiostudiow.com.br\/site\/wp-content\/uploads\/2022\/04\/SEPAC.jpg\" alt=\"\" class=\"wp-image-7113\"\/><\/figure>\n","protected":false},"excerpt":{"rendered":"<p>O acusado pela morte do jovem Pablo Willian de Lara Ribas Brasil, conhecido como Brasilzinho,\u00a0que foi assassinado no dia 30 de abril, foi preso na noite desta sexta-feira (3), pela equipe da Rotam. De acordo com o boletim de ocorr\u00eancia, ao tomar conhecimento que havia sido expedido o mandado de pris\u00e3o pelo crime de homic\u00eddio [&hellip;]<\/p>\n","protected":false},"author":2,"featured_media":0,"comment_status":"open","ping_status":"open","sticky":false,"template":"","format":"standard","meta":{"footnotes":""},"categories":[2],"tags":[172],"class_list":["post-7683","post","type-post","status-publish","format-standard","hentry","category-policial","tag-featured"],"amp_enabled":true,"_links":{"self":[{"href":"https:\/\/radiostudiow.com.br\/site\/wp-json\/wp\/v2\/posts\/7683","targetHints":{"allow":["GET"]}}],"collection":[{"href":"https:\/\/radiostudiow.com.br\/site\/wp-json\/wp\/v2\/posts"}],"about":[{"href":"https:\/\/radiostudiow.com.br\/site\/wp-json\/wp\/v2\/types\/post"}],"author":[{"embeddable":true,"href":"https:\/\/radiostudiow.com.br\/site\/wp-json\/wp\/v2\/users\/2"}],"replies":[{"embeddable":true,"href":"https:\/\/radiostudiow.com.br\/site\/wp-json\/wp\/v2\/comments?post=7683"}],"version-history":[{"count":3,"href":"https:\/\/radiostudiow.com.br\/site\/wp-json\/wp\/v2\/posts\/7683\/revisions"}],"predecessor-version":[{"id":7689,"href":"https:\/\/radiostudiow.com.br\/site\/wp-json\/wp\/v2\/posts\/7683\/revisions\/7689"}],"wp:attachment":[{"href":"https:\/\/radiostudiow.com.br\/site\/wp-json\/wp\/v2\/media?parent=7683"}],"wp:term":[{"taxonomy":"category","embeddable":true,"href":"https:\/\/radiostudiow.com.br\/site\/wp-json\/wp\/v2\/categories?post=7683"},{"taxonomy":"post_tag","embeddable":true,"href":"https:\/\/radiostudiow.com.br\/site\/wp-json\/wp\/v2\/tags?post=7683"}],"curies":[{"name":"wp","href":"https:\/\/api.w.org\/{rel}","templated":true}]}}