{"id":7702,"date":"2022-06-06T14:37:44","date_gmt":"2022-06-06T17:37:44","guid":{"rendered":"https:\/\/radiostudiow.com.br\/site\/?p=7702"},"modified":"2025-01-31T15:10:06","modified_gmt":"2025-01-31T18:10:06","slug":"pm-de-sao-mateus-do-sul-e-acionada-em-supermercado-apos-furto","status":"publish","type":"post","link":"https:\/\/radiostudiow.com.br\/site\/2022\/06\/06\/pm-de-sao-mateus-do-sul-e-acionada-em-supermercado-apos-furto\/","title":{"rendered":"PM de S\u00e3o Mateus do Sul \u00e9 acionada em Supermercado ap\u00f3s furto"},"content":{"rendered":"\n<figure class=\"wp-block-image size-full\"><img decoding=\"async\" src=\"https:\/\/radiostudiow.com.br\/site\/wp-content\/uploads\/2022\/02\/NUTRI-MALLET-1.jpg\" alt=\"\" class=\"wp-image-6123\"\/><\/figure>\n\n\n\n<p>A Pol\u00edcia Militar foi acionada no domingo, 05 de junho, para comparecer a um supermercado onde funcion\u00e1rios estariam com um suspeito de ter praticado o crime de furto. No local foi conversado com o seguran\u00e7a do estabelecimento, que informou perceber que um homem adentrou o supermercado e colocou em uma caixa de papel\u00e3o alguns produtos e na sequ\u00eancia deixou o mercado.<\/p>\n\n\n\n<p>J\u00e1 no lado de fora em via publica deu voz de abordagem ao suspeito, sendo ent\u00e3o constatado que no interior da caixa haviam quatro produtos, sendo duas pe\u00e7as de picanha, um corote e um pote de maionese.<\/p>\n\n\n\n<p>Diante da situa\u00e7\u00e3o os policiais foram at\u00e9 o local para a realiza\u00e7\u00e3o de procedimentos envolvendo o crime de furto. A empresa possui c\u00e2mera de monitoramento que gravou toda a a\u00e7\u00e3o.<\/p>\n\n\n\n<figure class=\"wp-block-image size-full\"><img decoding=\"async\" src=\"https:\/\/radiostudiow.com.br\/site\/wp-content\/uploads\/2022\/05\/vem_ai.jpg\" alt=\"\" class=\"wp-image-7348\"\/><\/figure>\n","protected":false},"excerpt":{"rendered":"<p>A Pol\u00edcia Militar foi acionada no domingo, 05 de junho, para comparecer a um supermercado onde funcion\u00e1rios estariam com um suspeito de ter praticado o crime de furto. No local foi conversado com o seguran\u00e7a do estabelecimento, que informou perceber que um homem adentrou o supermercado e colocou em uma caixa de papel\u00e3o alguns produtos [&hellip;]<\/p>\n","protected":false},"author":2,"featured_media":0,"comment_status":"open","ping_status":"open","sticky":false,"template":"","format":"standard","meta":{"footnotes":""},"categories":[2],"tags":[172],"class_list":["post-7702","post","type-post","status-publish","format-standard","hentry","category-policial","tag-featured"],"amp_enabled":true,"_links":{"self":[{"href":"https:\/\/radiostudiow.com.br\/site\/wp-json\/wp\/v2\/posts\/7702","targetHints":{"allow":["GET"]}}],"collection":[{"href":"https:\/\/radiostudiow.com.br\/site\/wp-json\/wp\/v2\/posts"}],"about":[{"href":"https:\/\/radiostudiow.com.br\/site\/wp-json\/wp\/v2\/types\/post"}],"author":[{"embeddable":true,"href":"https:\/\/radiostudiow.com.br\/site\/wp-json\/wp\/v2\/users\/2"}],"replies":[{"embeddable":true,"href":"https:\/\/radiostudiow.com.br\/site\/wp-json\/wp\/v2\/comments?post=7702"}],"version-history":[{"count":1,"href":"https:\/\/radiostudiow.com.br\/site\/wp-json\/wp\/v2\/posts\/7702\/revisions"}],"predecessor-version":[{"id":7703,"href":"https:\/\/radiostudiow.com.br\/site\/wp-json\/wp\/v2\/posts\/7702\/revisions\/7703"}],"wp:attachment":[{"href":"https:\/\/radiostudiow.com.br\/site\/wp-json\/wp\/v2\/media?parent=7702"}],"wp:term":[{"taxonomy":"category","embeddable":true,"href":"https:\/\/radiostudiow.com.br\/site\/wp-json\/wp\/v2\/categories?post=7702"},{"taxonomy":"post_tag","embeddable":true,"href":"https:\/\/radiostudiow.com.br\/site\/wp-json\/wp\/v2\/tags?post=7702"}],"curies":[{"name":"wp","href":"https:\/\/api.w.org\/{rel}","templated":true}]}}