{"id":780,"date":"2021-03-02T18:10:29","date_gmt":"2021-03-02T21:10:29","guid":{"rendered":"https:\/\/radiostudiow.com.br\/site\/?p=780"},"modified":"2025-01-15T09:32:00","modified_gmt":"2025-01-15T12:32:00","slug":"covid-19-boletim-da-secretaria-municipal-de-saude-de-mallet-02-de-marco","status":"publish","type":"post","link":"https:\/\/radiostudiow.com.br\/site\/2021\/03\/02\/covid-19-boletim-da-secretaria-municipal-de-saude-de-mallet-02-de-marco\/","title":{"rendered":"COVID-19: Boletim da Secretaria Municipal de Sa\u00fade de Mallet (02 de Mar\u00e7o)"},"content":{"rendered":"\n<figure class=\"wp-block-image size-large\"><img decoding=\"async\" src=\"https:\/\/radiostudiow.com.br\/site\/wp-content\/uploads\/2021\/02\/WRNET-1.jpg\" alt=\"\" class=\"wp-image-683\"\/><\/figure>\n\n\n\n<p><strong>SAIBA MAIS!<\/strong><\/p>\n\n\n\n<p>Estamos enfrentando um grande desafio na batalha contra a Covid-19. O \u00edndice da taxa de reprodu\u00e7\u00e3o do v\u00edrus est\u00e1 acima da m\u00e9dia para a capacidade das UTIs. O Governo do Estado est\u00e1 aumentando o n\u00famero de leitos, mas, neste momento, precisamos reativar o isolamento social para garantir que o sistema de sa\u00fade n\u00e3o entre em colapso. Com preven\u00e7\u00e3o e cuidado, iremos passar por essa fase e Salvar Vidas.<\/p>\n\n\n\n<p>Confira a lista de atividades ESSENCIAIS e detalhes do decreto n\u00ba 6.983:&nbsp;<a rel=\"noreferrer noopener\" href=\"https:\/\/bit.ly\/2ZTlLqB?fbclid=IwAR2dFQr-QmyBw1wOuTgACjVri-6pvPMSi2JjSxWdMgmYYOz4X6dbBjQrtsk\" target=\"_blank\">https:\/\/bit.ly\/2ZTlLqB<\/a><\/p>\n\n\n\n<p><strong>> Idosos com 80 a 89 anos receber\u00e3o a dose entre os dias 01\u00ba \u00e0 05 de Mar\u00e7o de 2021.<\/strong><\/p>\n\n\n\n<figure class=\"wp-block-image size-large\"><img decoding=\"async\" src=\"https:\/\/radiostudiow.com.br\/site\/wp-content\/uploads\/2021\/02\/HF-MALLET.jpg\" alt=\"\" class=\"wp-image-685\"\/><\/figure>\n","protected":false},"excerpt":{"rendered":"<p>SAIBA MAIS! Estamos enfrentando um grande desafio na batalha contra a Covid-19. O \u00edndice da taxa de reprodu\u00e7\u00e3o do v\u00edrus est\u00e1 acima da m\u00e9dia para a capacidade das UTIs. O Governo do Estado est\u00e1 aumentando o n\u00famero de leitos, mas, neste momento, precisamos reativar o isolamento social para garantir que o sistema de sa\u00fade n\u00e3o [&hellip;]<\/p>\n","protected":false},"author":2,"featured_media":0,"comment_status":"open","ping_status":"open","sticky":false,"template":"","format":"standard","meta":{"footnotes":""},"categories":[7],"tags":[172],"class_list":["post-780","post","type-post","status-publish","format-standard","hentry","category-geral","tag-featured"],"amp_enabled":true,"_links":{"self":[{"href":"https:\/\/radiostudiow.com.br\/site\/wp-json\/wp\/v2\/posts\/780","targetHints":{"allow":["GET"]}}],"collection":[{"href":"https:\/\/radiostudiow.com.br\/site\/wp-json\/wp\/v2\/posts"}],"about":[{"href":"https:\/\/radiostudiow.com.br\/site\/wp-json\/wp\/v2\/types\/post"}],"author":[{"embeddable":true,"href":"https:\/\/radiostudiow.com.br\/site\/wp-json\/wp\/v2\/users\/2"}],"replies":[{"embeddable":true,"href":"https:\/\/radiostudiow.com.br\/site\/wp-json\/wp\/v2\/comments?post=780"}],"version-history":[{"count":2,"href":"https:\/\/radiostudiow.com.br\/site\/wp-json\/wp\/v2\/posts\/780\/revisions"}],"predecessor-version":[{"id":785,"href":"https:\/\/radiostudiow.com.br\/site\/wp-json\/wp\/v2\/posts\/780\/revisions\/785"}],"wp:attachment":[{"href":"https:\/\/radiostudiow.com.br\/site\/wp-json\/wp\/v2\/media?parent=780"}],"wp:term":[{"taxonomy":"category","embeddable":true,"href":"https:\/\/radiostudiow.com.br\/site\/wp-json\/wp\/v2\/categories?post=780"},{"taxonomy":"post_tag","embeddable":true,"href":"https:\/\/radiostudiow.com.br\/site\/wp-json\/wp\/v2\/tags?post=780"}],"curies":[{"name":"wp","href":"https:\/\/api.w.org\/{rel}","templated":true}]}}