{"id":8102,"date":"2022-07-08T11:10:33","date_gmt":"2022-07-08T14:10:33","guid":{"rendered":"https:\/\/radiostudiow.com.br\/site\/?p=8102"},"modified":"2025-01-31T15:10:02","modified_gmt":"2025-01-31T18:10:02","slug":"jovem-e-esfaqueado-na-cabeca-e-no-peito-em-mafra","status":"publish","type":"post","link":"https:\/\/radiostudiow.com.br\/site\/2022\/07\/08\/jovem-e-esfaqueado-na-cabeca-e-no-peito-em-mafra\/","title":{"rendered":"Jovem \u00e9 esfaqueado na cabe\u00e7a e no peito\u00a0em Mafra"},"content":{"rendered":"\n<figure class=\"wp-block-image size-full\"><img decoding=\"async\" src=\"https:\/\/radiostudiow.com.br\/site\/wp-content\/uploads\/2022\/06\/NUTRI-MALLET.jpg\" alt=\"\" class=\"wp-image-7772\"\/><\/figure>\n\n\n\n<p>Um rapaz de 19 anos foi encaminhado em estado grave ao Hospital S\u00e3o Vicente de Paulo depois de ter sido esfaqueado em uma avenida no centro de Mafra. A situa\u00e7\u00e3o ocorreu na noite desta quarta-feira (6).<\/p>\n\n\n\n<p>De acordo com a Pol\u00edcia Militar, no local constataram que a v\u00edtima foi atingida na cabe\u00e7a e no peito e estava inconsciente. Ele foi encaminhado ao atendimento m\u00e9dico por volta das 20:30 horas com uma perfura\u00e7\u00e3o grave no pulm\u00e3o e corre risco de morte.<\/p>\n\n\n\n<p>Ap\u00f3s a PM registrar a ocorr\u00eancia de tentativa de homic\u00eddio, realizou patrulhamento na regi\u00e3o e avistaram dois suspeitos, ambos de 28 anos, cada um dos homens carregava uma faca sujas de sangue.&nbsp;<\/p>\n\n\n\n<p>Os dois foram abordados, identificados e encaminhados para a Delegacia de Mafra. O caso foi repassado para a Pol\u00edcia Civil, investiga\u00e7\u00e3o a motiva\u00e7\u00e3o do crime.<\/p>\n\n\n\n<figure class=\"wp-block-image size-full\"><img decoding=\"async\" src=\"https:\/\/radiostudiow.com.br\/site\/wp-content\/uploads\/2022\/06\/vem_ai.jpg\" alt=\"\" class=\"wp-image-7789\"\/><\/figure>\n","protected":false},"excerpt":{"rendered":"<p>Um rapaz de 19 anos foi encaminhado em estado grave ao Hospital S\u00e3o Vicente de Paulo depois de ter sido esfaqueado em uma avenida no centro de Mafra. A situa\u00e7\u00e3o ocorreu na noite desta quarta-feira (6). De acordo com a Pol\u00edcia Militar, no local constataram que a v\u00edtima foi atingida na cabe\u00e7a e no peito [&hellip;]<\/p>\n","protected":false},"author":2,"featured_media":7607,"comment_status":"open","ping_status":"open","sticky":false,"template":"","format":"standard","meta":{"footnotes":""},"categories":[2],"tags":[172],"class_list":["post-8102","post","type-post","status-publish","format-standard","has-post-thumbnail","hentry","category-policial","tag-featured"],"amp_enabled":true,"_links":{"self":[{"href":"https:\/\/radiostudiow.com.br\/site\/wp-json\/wp\/v2\/posts\/8102","targetHints":{"allow":["GET"]}}],"collection":[{"href":"https:\/\/radiostudiow.com.br\/site\/wp-json\/wp\/v2\/posts"}],"about":[{"href":"https:\/\/radiostudiow.com.br\/site\/wp-json\/wp\/v2\/types\/post"}],"author":[{"embeddable":true,"href":"https:\/\/radiostudiow.com.br\/site\/wp-json\/wp\/v2\/users\/2"}],"replies":[{"embeddable":true,"href":"https:\/\/radiostudiow.com.br\/site\/wp-json\/wp\/v2\/comments?post=8102"}],"version-history":[{"count":2,"href":"https:\/\/radiostudiow.com.br\/site\/wp-json\/wp\/v2\/posts\/8102\/revisions"}],"predecessor-version":[{"id":8104,"href":"https:\/\/radiostudiow.com.br\/site\/wp-json\/wp\/v2\/posts\/8102\/revisions\/8104"}],"wp:featuredmedia":[{"embeddable":true,"href":"https:\/\/radiostudiow.com.br\/site\/wp-json\/wp\/v2\/media\/7607"}],"wp:attachment":[{"href":"https:\/\/radiostudiow.com.br\/site\/wp-json\/wp\/v2\/media?parent=8102"}],"wp:term":[{"taxonomy":"category","embeddable":true,"href":"https:\/\/radiostudiow.com.br\/site\/wp-json\/wp\/v2\/categories?post=8102"},{"taxonomy":"post_tag","embeddable":true,"href":"https:\/\/radiostudiow.com.br\/site\/wp-json\/wp\/v2\/tags?post=8102"}],"curies":[{"name":"wp","href":"https:\/\/api.w.org\/{rel}","templated":true}]}}