{"id":8106,"date":"2022-07-09T09:59:52","date_gmt":"2022-07-09T12:59:52","guid":{"rendered":"https:\/\/radiostudiow.com.br\/site\/?p=8106"},"modified":"2025-01-31T15:10:02","modified_gmt":"2025-01-31T18:10:02","slug":"detentos-de-uniao-da-vitoria-estao-produzindo-pavers-e-blocos-de-concreto","status":"publish","type":"post","link":"https:\/\/radiostudiow.com.br\/site\/2022\/07\/09\/detentos-de-uniao-da-vitoria-estao-produzindo-pavers-e-blocos-de-concreto\/","title":{"rendered":"Detentos de Uni\u00e3o da Vit\u00f3ria est\u00e3o produzindo pavers e blocos de concreto"},"content":{"rendered":"\n<figure class=\"wp-block-image size-full\"><img decoding=\"async\" src=\"https:\/\/radiostudiow.com.br\/site\/wp-content\/uploads\/2022\/06\/vem_ai.jpg\" alt=\"\" class=\"wp-image-7789\"\/><\/figure>\n\n\n\n<p>J\u00e1 est\u00e3o sendo produzidos por detentos do Depen, blocos de concreto e paver que ser\u00e3o usados em projetos em benef\u00edcio da popula\u00e7\u00e3o de Uni\u00e3o da Vit\u00f3ria. A produ\u00e7\u00e3o, faz parte do Projeto de Ressocializa\u00e7\u00e3o que est\u00e1 sendo desenvolvido atrav\u00e9s de um conv\u00eanio entre o Munic\u00edpio de Uni\u00e3o da Vit\u00f3ria e a Secretaria de Estado da Seguran\u00e7a P\u00fabica do Paran\u00e1\/Departamento Penitenci\u00e1rio \u2013 Depen, atrav\u00e9s do Conselho da Comunidade.<\/p>\n\n\n\n<p>A produ\u00e7\u00e3o dos blocos e pavers \u00e9 a nova \u00e1rea de trabalho que est\u00e1 sendo desenvolvida dentro do Projeto, <em>\u201cesse \u00e9 mais um trabalho que est\u00e1 sendo realizado no projeto, onde o Depen cedeu a m\u00e1quina para a produ\u00e7\u00e3o, os detentos entram com a m\u00e3o de obra e a Administra\u00e7\u00e3o Municipal contribui com a mat\u00e9ria prima\u201d<\/em>, explicou o coordenador dos servi\u00e7os, Daniel Peixoto.<\/p>\n\n\n\n<p>A primeira produ\u00e7\u00e3o dos blocos aconteceu em espa\u00e7o dentro do Depen e est\u00e1 sendo utilizada para a constru\u00e7\u00e3o de um barrac\u00e3o pr\u00f3prio que ser\u00e1 usado para a fabrica\u00e7\u00e3o dos artefatos. Assim que o espa\u00e7o estiver pronto, a produ\u00e7\u00e3o ser\u00e1 destinada para servi\u00e7os em benef\u00edcio da popula\u00e7\u00e3o, com a constru\u00e7\u00e3o de banheiros para fam\u00edlias em situa\u00e7\u00e3o de vulnerabilidade social e a revitaliza\u00e7\u00e3o de pra\u00e7as do Munic\u00edpio, que tamb\u00e9m ser\u00e3o realizadas com atua\u00e7\u00e3o dos detentos que participam do Projeto.<\/p>\n\n\n\n<figure class=\"wp-block-image size-full\"><img decoding=\"async\" src=\"https:\/\/radiostudiow.com.br\/site\/wp-content\/uploads\/2022\/04\/SEPAC.jpg\" alt=\"\" class=\"wp-image-7113\"\/><\/figure>\n\n\n\n<p><em>\u201cN\u00f3s estamos completando quase um ano deste conv\u00eanio com o Depen, e o resultado \u00e9 melhor do que o esperado, principalmente para os detentos, pois oferece para eles a possibilidade de voltar a trabalhar e serem reinseridos na sociedade\u201d<\/em>, afirmou o prefeito Bachir Abbas.<\/p>\n\n\n\n<p>Atualmente aproximadamente 40 detentos participam do projeto, sendo que 8 destes est\u00e3o trabalhando na produ\u00e7\u00e3o dos blocos de concreto e paver. Os apenados atuam em diversas Secretarias Municipais e o principal objetivo do projeto \u00e9 promover a reinser\u00e7\u00e3o dos detentos no mercado de trabalho e tamb\u00e9m uma participa\u00e7\u00e3o efetiva na sociedade.<\/p>\n\n\n\n<p><em>Assessoria Prefeitura de Uni\u00e3o da Vit\u00f3ria<\/em><\/p>\n","protected":false},"excerpt":{"rendered":"<p>J\u00e1 est\u00e3o sendo produzidos por detentos do Depen, blocos de concreto e paver que ser\u00e3o usados em projetos em benef\u00edcio da popula\u00e7\u00e3o de Uni\u00e3o da Vit\u00f3ria. A produ\u00e7\u00e3o, faz parte do Projeto de Ressocializa\u00e7\u00e3o que est\u00e1 sendo desenvolvido atrav\u00e9s de um conv\u00eanio entre o Munic\u00edpio de Uni\u00e3o da Vit\u00f3ria e a Secretaria de Estado da [&hellip;]<\/p>\n","protected":false},"author":2,"featured_media":0,"comment_status":"open","ping_status":"open","sticky":false,"template":"","format":"standard","meta":{"footnotes":""},"categories":[2],"tags":[172],"class_list":["post-8106","post","type-post","status-publish","format-standard","hentry","category-policial","tag-featured"],"amp_enabled":true,"_links":{"self":[{"href":"https:\/\/radiostudiow.com.br\/site\/wp-json\/wp\/v2\/posts\/8106","targetHints":{"allow":["GET"]}}],"collection":[{"href":"https:\/\/radiostudiow.com.br\/site\/wp-json\/wp\/v2\/posts"}],"about":[{"href":"https:\/\/radiostudiow.com.br\/site\/wp-json\/wp\/v2\/types\/post"}],"author":[{"embeddable":true,"href":"https:\/\/radiostudiow.com.br\/site\/wp-json\/wp\/v2\/users\/2"}],"replies":[{"embeddable":true,"href":"https:\/\/radiostudiow.com.br\/site\/wp-json\/wp\/v2\/comments?post=8106"}],"version-history":[{"count":2,"href":"https:\/\/radiostudiow.com.br\/site\/wp-json\/wp\/v2\/posts\/8106\/revisions"}],"predecessor-version":[{"id":8115,"href":"https:\/\/radiostudiow.com.br\/site\/wp-json\/wp\/v2\/posts\/8106\/revisions\/8115"}],"wp:attachment":[{"href":"https:\/\/radiostudiow.com.br\/site\/wp-json\/wp\/v2\/media?parent=8106"}],"wp:term":[{"taxonomy":"category","embeddable":true,"href":"https:\/\/radiostudiow.com.br\/site\/wp-json\/wp\/v2\/categories?post=8106"},{"taxonomy":"post_tag","embeddable":true,"href":"https:\/\/radiostudiow.com.br\/site\/wp-json\/wp\/v2\/tags?post=8106"}],"curies":[{"name":"wp","href":"https:\/\/api.w.org\/{rel}","templated":true}]}}