{"id":8108,"date":"2022-07-09T00:46:15","date_gmt":"2022-07-09T03:46:15","guid":{"rendered":"https:\/\/radiostudiow.com.br\/site\/?p=8108"},"modified":"2025-01-31T15:10:02","modified_gmt":"2025-01-31T18:10:02","slug":"mallet-participa-com-04-selecoes-nos-64%e2%81%b0-jogos-abertos-do-parana","status":"publish","type":"post","link":"https:\/\/radiostudiow.com.br\/site\/2022\/07\/09\/mallet-participa-com-04-selecoes-nos-64%e2%81%b0-jogos-abertos-do-parana\/","title":{"rendered":"Mallet participa com 04 Sele\u00e7\u00f5es nos 64\u2070 Jogos Abertos do Paran\u00e1."},"content":{"rendered":"\n<figure class=\"wp-block-image size-full\"><img decoding=\"async\" src=\"https:\/\/radiostudiow.com.br\/site\/wp-content\/uploads\/2021\/08\/240387432_2992083691066122_4820772207429196742_n.jpg\" alt=\"\" class=\"wp-image-3380\"\/><\/figure>\n\n\n\n<p>Nesta sexta-feira (07), foi de muita alegria no embarque da Delega\u00e7\u00e3o malletense, que seguiu rumo \u00e0 cidade de Laranjeiras do Sul na regi\u00e3o Centro Oeste do Estado do Paran\u00e1, onde est\u00e3o acontecendo neste fim de semana as competi\u00e7\u00f5es da Fase Regional dos 64\u2070 JAP&#8217;S (Jogos Abertos do Paran\u00e1).<\/p>\n\n\n\n<p>E pela primeira vez na hist\u00f3ria que quatro sele\u00e7\u00f5es representaram o munic\u00edpio em duas modalidades, no futsal masculino e feminino e o v\u00f4lei com as sele\u00e7\u00f5es masculina e feminina.<\/p>\n\n\n\n<p>Vale lembrar que a modalidade Bocha \u00e9 a atual Campe\u00e3 na elite do Esporte no Paran\u00e1, t\u00edtulo conquistado na edi\u00e7\u00e3o passada, ainda antes da pandemia no ano de 2019, na cidade de Londrina e representar\u00e1 no m\u00eas de novembro na fase Estadual dos Jogos Abertos do Paran\u00e1<\/p>\n\n\n\n<p>Para o secret\u00e1rio municipal de esportes Valdir Wladyka, \u00e9 um momento muito especial, pois \u00e9 a primeira vez que a cidade \u00e9 representada por muitos atletas.&#8221;Para n\u00f3s da secretaria de esportes \u00e9 um prazer em estar participando desta edi\u00e7\u00e3o dos Jogos Abertos do Paran\u00e1, pois \u00e9 a primeira vez que reunimos quatro sele\u00e7\u00f5es que representar\u00e3o o nosso munic\u00edpio levando o nome de Mallet para o estado e isso j\u00e1 \u00e9 fruto de incentivo da qual nossas escolinhas de v\u00f4lei e futsal est\u00e3o proporcionando e com certeza s\u00f3 ir\u00e1 aumentar o n\u00famero de participa\u00e7\u00f5es com esta representa\u00e7\u00e3o&#8221;, destacou Wladyka a a nossa reportagem.<\/p>\n\n\n\n<figure class=\"wp-block-image size-full\"><img decoding=\"async\" src=\"https:\/\/radiostudiow.com.br\/site\/wp-content\/uploads\/2022\/06\/NUTRI-MALLET.jpg\" alt=\"\" class=\"wp-image-7772\"\/><\/figure>\n\n\n\n<p>Para o prefeito Moacir Szinvelski, que \u00e9 um grande esportista e j\u00e1 sabe o tamanho que \u00e9 levar o nome de Mallet, pois \u00e9 um atleta da bocha e atual campe\u00e3o da Copa Amcespar bocha e comentou que n\u00e3o existe incentivo melhor do que colocar o esporte sempre em evid\u00eancias.&#8221; Nossa gest\u00e3o trabalha muito pela educa\u00e7\u00e3o e sa\u00fade e o esporte a linha tudo isso e quando um atleta recebe uma convoca\u00e7\u00e3o para uma sele\u00e7\u00e3o \u00e9 porque ele faz a diferen\u00e7a e n\u00f3s temos muito orgulho por isso&#8221;, comentou o prefeito Moacir a Studio w.<\/p>\n\n\n\n<p>O vice-prefeito Francisco Jos\u00e9 Makoski, tamb\u00e9m salientou a import\u00e2ncia de participar de competi\u00e7\u00f5es estaduais levando o nome do munic\u00edpio.&#8221; Acho que tanto os atletas que representaram os jogos da Juventude bem como os que est\u00e3o representando os jogos abertos mostram al\u00e9m da alegria, a todos agarra que \u00e9 representar a nossa cidade nessas competi\u00e7\u00f5es e isso \u00e9 muito gratificante e sempre ficar\u00e1 marcado na vida de cada um deles&#8221;, frisou Chico em seu coment\u00e1rio.<\/p>\n\n\n\n<p>Os jogos acontecer\u00e3o em dois finais de semana, al\u00e9m desse nos pr\u00f3ximos dias 22, 23 e 24 de julho ocorrer\u00e3o as finais desta competi\u00e7\u00e3o.<\/p>\n\n\n\n<p>A Secretaria de Esportes de Mallet agradece ao Luiz Abib na doa\u00e7\u00e3o de 10 fardos de \u00c1gua Dorizzon e ao Ramon do Posto Orion na doa\u00e7\u00e3o de 5 unidades de Spray Massageador para os atletas, e ao Setor de Licita\u00e7\u00e3o da Prefeitura Municipal de Mallet, no trabalho \u00e1gil em realizar os tr\u00e2mites necess\u00e1rios para a contrata\u00e7\u00e3o do \u00d4nibus Rodovi\u00e1rio para levar os nossos atletas \u00e0 Laranjeiras do Sul.<\/p>\n\n\n\n<figure class=\"wp-block-image size-full\"><img decoding=\"async\" src=\"https:\/\/radiostudiow.com.br\/site\/wp-content\/uploads\/2022\/06\/WRNET.jpg\" alt=\"\" class=\"wp-image-7827\"\/><\/figure>\n\n\n\n<figure class=\"wp-block-gallery has-nested-images columns-1 is-cropped wp-block-gallery-1 is-layout-flex wp-block-gallery-is-layout-flex\">\n<figure class=\"wp-block-image size-large\"><img decoding=\"async\" data-id=\"8110\" src=\"https:\/\/radiostudiow.com.br\/site\/wp-content\/uploads\/2022\/07\/02.jpeg\" alt=\"\" class=\"wp-image-8110\"\/><\/figure>\n\n\n\n<figure class=\"wp-block-image size-large\"><img loading=\"lazy\" decoding=\"async\" width=\"1600\" height=\"1200\" data-id=\"8111\" src=\"https:\/\/radiostudiow.com.br\/site\/wp-content\/uploads\/2022\/07\/01-1.jpeg\" alt=\"\" class=\"wp-image-8111\" srcset=\"https:\/\/radiostudiow.com.br\/site\/wp-content\/uploads\/2022\/07\/01-1.jpeg 1600w, https:\/\/radiostudiow.com.br\/site\/wp-content\/uploads\/2022\/07\/01-1-300x225.jpeg 300w, https:\/\/radiostudiow.com.br\/site\/wp-content\/uploads\/2022\/07\/01-1-1024x768.jpeg 1024w, https:\/\/radiostudiow.com.br\/site\/wp-content\/uploads\/2022\/07\/01-1-768x576.jpeg 768w, https:\/\/radiostudiow.com.br\/site\/wp-content\/uploads\/2022\/07\/01-1-1536x1152.jpeg 1536w\" sizes=\"auto, (max-width: 1600px) 100vw, 1600px\" \/><\/figure>\n<\/figure>\n\n\n\n<p><\/p>\n","protected":false},"excerpt":{"rendered":"<p>Nesta sexta-feira (07), foi de muita alegria no embarque da Delega\u00e7\u00e3o malletense, que seguiu rumo \u00e0 cidade de Laranjeiras do Sul na regi\u00e3o Centro Oeste do Estado do Paran\u00e1, onde est\u00e3o acontecendo neste fim de semana as competi\u00e7\u00f5es da Fase Regional dos 64\u2070 JAP&#8217;S (Jogos Abertos do Paran\u00e1). E pela primeira vez na hist\u00f3ria que [&hellip;]<\/p>\n","protected":false},"author":2,"featured_media":0,"comment_status":"open","ping_status":"open","sticky":false,"template":"","format":"standard","meta":{"footnotes":""},"categories":[7,184],"tags":[172],"class_list":["post-8108","post","type-post","status-publish","format-standard","hentry","category-geral","category-local","tag-featured"],"amp_enabled":true,"_links":{"self":[{"href":"https:\/\/radiostudiow.com.br\/site\/wp-json\/wp\/v2\/posts\/8108","targetHints":{"allow":["GET"]}}],"collection":[{"href":"https:\/\/radiostudiow.com.br\/site\/wp-json\/wp\/v2\/posts"}],"about":[{"href":"https:\/\/radiostudiow.com.br\/site\/wp-json\/wp\/v2\/types\/post"}],"author":[{"embeddable":true,"href":"https:\/\/radiostudiow.com.br\/site\/wp-json\/wp\/v2\/users\/2"}],"replies":[{"embeddable":true,"href":"https:\/\/radiostudiow.com.br\/site\/wp-json\/wp\/v2\/comments?post=8108"}],"version-history":[{"count":2,"href":"https:\/\/radiostudiow.com.br\/site\/wp-json\/wp\/v2\/posts\/8108\/revisions"}],"predecessor-version":[{"id":8113,"href":"https:\/\/radiostudiow.com.br\/site\/wp-json\/wp\/v2\/posts\/8108\/revisions\/8113"}],"wp:attachment":[{"href":"https:\/\/radiostudiow.com.br\/site\/wp-json\/wp\/v2\/media?parent=8108"}],"wp:term":[{"taxonomy":"category","embeddable":true,"href":"https:\/\/radiostudiow.com.br\/site\/wp-json\/wp\/v2\/categories?post=8108"},{"taxonomy":"post_tag","embeddable":true,"href":"https:\/\/radiostudiow.com.br\/site\/wp-json\/wp\/v2\/tags?post=8108"}],"curies":[{"name":"wp","href":"https:\/\/api.w.org\/{rel}","templated":true}]}}