{"id":8135,"date":"2022-07-11T09:49:54","date_gmt":"2022-07-11T12:49:54","guid":{"rendered":"https:\/\/radiostudiow.com.br\/site\/?p=8135"},"modified":"2025-01-31T15:10:02","modified_gmt":"2025-01-31T18:10:02","slug":"casal-e-preso-apos-furto-de-veiculo-em-cruz-machado","status":"publish","type":"post","link":"https:\/\/radiostudiow.com.br\/site\/2022\/07\/11\/casal-e-preso-apos-furto-de-veiculo-em-cruz-machado\/","title":{"rendered":"Casal \u00e9 preso ap\u00f3s furto de ve\u00edculo em Cruz Machado"},"content":{"rendered":"\n<figure class=\"wp-block-image size-full\"><img decoding=\"async\" src=\"https:\/\/radiostudiow.com.br\/site\/wp-content\/uploads\/2022\/06\/NUTRI-MALLET.jpg\" alt=\"\" class=\"wp-image-7772\"\/><\/figure>\n\n\n\n<p>A Pol\u00edcia Militar deteve um casal pelo furto de um ve\u00edculo ocorrido na cidade de Cruz Machado. A situa\u00e7\u00e3o foi registrada por volta das 23:10 horas desse domingo (10).<\/p>\n\n\n\n<p>Segundo informa\u00e7\u00f5es, a equipe da PM deslocou para verificar um casal que estaria com um carro furtado, onde abandonaram o carro na rodovia e estariam caminhando \u00e0s margens da PR-447, sendo Uni\u00e3o da vit\u00f3ria nas proximidades da Col\u00f4nia S\u00e3o Domingos.<\/p>\n\n\n\n<p>Durante as buscas, foi abordado o casal que alegou estar indo para Porto Vit\u00f3ria. Neste momento, o propriet\u00e1rio do carro abandonado chegou ao local e apresentou um v\u00eddeo em que aparece o suspeito com as mesmas vestes furtado o ve\u00edculo.<\/p>\n\n\n\n<p>Diante dos fatos, o suspeito assumiu a autoria do furto e repassou detalhes do crime, sendo ent\u00e3o deslocado com as partes at\u00e9 a delegacia de Uni\u00e3o da Vit\u00f3ria para procedimentos.<\/p>\n\n\n\n<figure class=\"wp-block-image size-full\"><img decoding=\"async\" src=\"https:\/\/radiostudiow.com.br\/site\/wp-content\/uploads\/2022\/06\/vem_ai.jpg\" alt=\"\" class=\"wp-image-7789\"\/><\/figure>\n","protected":false},"excerpt":{"rendered":"<p>A Pol\u00edcia Militar deteve um casal pelo furto de um ve\u00edculo ocorrido na cidade de Cruz Machado. A situa\u00e7\u00e3o foi registrada por volta das 23:10 horas desse domingo (10). Segundo informa\u00e7\u00f5es, a equipe da PM deslocou para verificar um casal que estaria com um carro furtado, onde abandonaram o carro na rodovia e estariam caminhando [&hellip;]<\/p>\n","protected":false},"author":2,"featured_media":7354,"comment_status":"open","ping_status":"open","sticky":false,"template":"","format":"standard","meta":{"footnotes":""},"categories":[2],"tags":[172],"class_list":["post-8135","post","type-post","status-publish","format-standard","has-post-thumbnail","hentry","category-policial","tag-featured"],"amp_enabled":true,"_links":{"self":[{"href":"https:\/\/radiostudiow.com.br\/site\/wp-json\/wp\/v2\/posts\/8135","targetHints":{"allow":["GET"]}}],"collection":[{"href":"https:\/\/radiostudiow.com.br\/site\/wp-json\/wp\/v2\/posts"}],"about":[{"href":"https:\/\/radiostudiow.com.br\/site\/wp-json\/wp\/v2\/types\/post"}],"author":[{"embeddable":true,"href":"https:\/\/radiostudiow.com.br\/site\/wp-json\/wp\/v2\/users\/2"}],"replies":[{"embeddable":true,"href":"https:\/\/radiostudiow.com.br\/site\/wp-json\/wp\/v2\/comments?post=8135"}],"version-history":[{"count":1,"href":"https:\/\/radiostudiow.com.br\/site\/wp-json\/wp\/v2\/posts\/8135\/revisions"}],"predecessor-version":[{"id":8136,"href":"https:\/\/radiostudiow.com.br\/site\/wp-json\/wp\/v2\/posts\/8135\/revisions\/8136"}],"wp:featuredmedia":[{"embeddable":true,"href":"https:\/\/radiostudiow.com.br\/site\/wp-json\/wp\/v2\/media\/7354"}],"wp:attachment":[{"href":"https:\/\/radiostudiow.com.br\/site\/wp-json\/wp\/v2\/media?parent=8135"}],"wp:term":[{"taxonomy":"category","embeddable":true,"href":"https:\/\/radiostudiow.com.br\/site\/wp-json\/wp\/v2\/categories?post=8135"},{"taxonomy":"post_tag","embeddable":true,"href":"https:\/\/radiostudiow.com.br\/site\/wp-json\/wp\/v2\/tags?post=8135"}],"curies":[{"name":"wp","href":"https:\/\/api.w.org\/{rel}","templated":true}]}}