{"id":8139,"date":"2022-07-11T15:04:44","date_gmt":"2022-07-11T18:04:44","guid":{"rendered":"https:\/\/radiostudiow.com.br\/site\/?p=8139"},"modified":"2025-01-31T15:10:02","modified_gmt":"2025-01-31T18:10:02","slug":"homem-e-encontrado-morto-na-colonia-cachoeira-em-sao-mateus-do-sul","status":"publish","type":"post","link":"https:\/\/radiostudiow.com.br\/site\/2022\/07\/11\/homem-e-encontrado-morto-na-colonia-cachoeira-em-sao-mateus-do-sul\/","title":{"rendered":"Homem \u00e9 encontrado morto na Col\u00f4nia Cachoeira em S\u00e3o Mateus do Sul"},"content":{"rendered":"\n<figure class=\"wp-block-image size-full\"><img decoding=\"async\" src=\"https:\/\/radiostudiow.com.br\/site\/wp-content\/uploads\/2022\/07\/1200-0k.gif\" alt=\"\" class=\"wp-image-8132\"\/><\/figure>\n\n\n\n<p>Um homem foi encontrado morto na localidade de Col\u00f4nia Cachoeira, em S\u00e3o Mateus do Sul. A v\u00edtima foi identificada como Evaldo Mozeleski, de 51 anos na manh\u00e3 deste domingo (10).<\/p>\n\n\n\n<p>Por volta de 9h, a Pol\u00edcia Militar foi acionada para atender uma situa\u00e7\u00e3o de poss\u00edvel suic\u00eddio. No local, o cunhado e irm\u00e3o da v\u00edtima disseram que avistaram o homem pra fora da resid\u00eancia sentado, sem movimentos, e por isso, se aproximaram para averiguar.<\/p>\n\n\n\n<p>Ao chegarem pr\u00f3ximo, constataram que o mesmo n\u00e3o apresentava os sinais vitais e havia entrado em \u00f3bito. A PM foi chamada logo em seguida.<\/p>\n\n\n\n<p>A equipe isolou o local e acionou o Instituto M\u00e9dico Legal (IML) de Uni\u00e3o da Vit\u00f3ria, Criminal\u00edstica e Pol\u00edcia Civil. Segundo informa\u00e7\u00f5es, a causa da morte foi por enforcamento.<\/p>\n\n\n\n<p>O corpo foi encaminhado ao Instituto M\u00e9dico Legal de Uni\u00e3o da Vit\u00f3ria, j\u00e1 liberado, foi trasladado para S\u00e3o Mateus do Sul e est\u00e1 sendo velado na Central de Luto Bom Jesus, na Rua Luiz Damaso Santos Lima, 477.<\/p>\n\n\n\n<p>Sepultamento nesta segunda-feira (11), \u00e0s 9h, no cemit\u00e9rio municipal.<\/p>\n\n\n\n<figure class=\"wp-block-image size-full\"><img decoding=\"async\" src=\"https:\/\/radiostudiow.com.br\/site\/wp-content\/uploads\/2022\/06\/IMOB-SUL.jpg\" alt=\"\" class=\"wp-image-7709\"\/><\/figure>\n","protected":false},"excerpt":{"rendered":"<p>Um homem foi encontrado morto na localidade de Col\u00f4nia Cachoeira, em S\u00e3o Mateus do Sul. A v\u00edtima foi identificada como Evaldo Mozeleski, de 51 anos na manh\u00e3 deste domingo (10). Por volta de 9h, a Pol\u00edcia Militar foi acionada para atender uma situa\u00e7\u00e3o de poss\u00edvel suic\u00eddio. No local, o cunhado e irm\u00e3o da v\u00edtima disseram [&hellip;]<\/p>\n","protected":false},"author":2,"featured_media":7607,"comment_status":"open","ping_status":"open","sticky":false,"template":"","format":"standard","meta":{"footnotes":""},"categories":[2],"tags":[172],"class_list":["post-8139","post","type-post","status-publish","format-standard","has-post-thumbnail","hentry","category-policial","tag-featured"],"amp_enabled":true,"_links":{"self":[{"href":"https:\/\/radiostudiow.com.br\/site\/wp-json\/wp\/v2\/posts\/8139","targetHints":{"allow":["GET"]}}],"collection":[{"href":"https:\/\/radiostudiow.com.br\/site\/wp-json\/wp\/v2\/posts"}],"about":[{"href":"https:\/\/radiostudiow.com.br\/site\/wp-json\/wp\/v2\/types\/post"}],"author":[{"embeddable":true,"href":"https:\/\/radiostudiow.com.br\/site\/wp-json\/wp\/v2\/users\/2"}],"replies":[{"embeddable":true,"href":"https:\/\/radiostudiow.com.br\/site\/wp-json\/wp\/v2\/comments?post=8139"}],"version-history":[{"count":2,"href":"https:\/\/radiostudiow.com.br\/site\/wp-json\/wp\/v2\/posts\/8139\/revisions"}],"predecessor-version":[{"id":8141,"href":"https:\/\/radiostudiow.com.br\/site\/wp-json\/wp\/v2\/posts\/8139\/revisions\/8141"}],"wp:featuredmedia":[{"embeddable":true,"href":"https:\/\/radiostudiow.com.br\/site\/wp-json\/wp\/v2\/media\/7607"}],"wp:attachment":[{"href":"https:\/\/radiostudiow.com.br\/site\/wp-json\/wp\/v2\/media?parent=8139"}],"wp:term":[{"taxonomy":"category","embeddable":true,"href":"https:\/\/radiostudiow.com.br\/site\/wp-json\/wp\/v2\/categories?post=8139"},{"taxonomy":"post_tag","embeddable":true,"href":"https:\/\/radiostudiow.com.br\/site\/wp-json\/wp\/v2\/tags?post=8139"}],"curies":[{"name":"wp","href":"https:\/\/api.w.org\/{rel}","templated":true}]}}