{"id":8142,"date":"2022-07-11T18:16:45","date_gmt":"2022-07-11T21:16:45","guid":{"rendered":"https:\/\/radiostudiow.com.br\/site\/?p=8142"},"modified":"2025-01-31T15:10:02","modified_gmt":"2025-01-31T18:10:02","slug":"malletense-compra-arma-de-fogo-apos-tentativas-de-furtos-de-boi-em-sua-propriedade","status":"publish","type":"post","link":"https:\/\/radiostudiow.com.br\/site\/2022\/07\/11\/malletense-compra-arma-de-fogo-apos-tentativas-de-furtos-de-boi-em-sua-propriedade\/","title":{"rendered":"Malletense compra arma de fogo ap\u00f3s tentativas de furtos de boi em sua propriedade"},"content":{"rendered":"\n<figure class=\"wp-block-image size-full\"><img decoding=\"async\" src=\"https:\/\/radiostudiow.com.br\/site\/wp-content\/uploads\/2022\/06\/NUTRI-MALLET.jpg\" alt=\"\" class=\"wp-image-7772\"\/><\/figure>\n\n\n\n<p>Uma mulher acionou a equipe da Pol\u00edcia Militar de Mallet ap\u00f3s seu vizinho come\u00e7ar a disparar uma arma de fogo no seu terreno. A situa\u00e7\u00e3o ocorreu neste domingo (10).<\/p>\n\n\n\n<p>No local a equipe policial entrou em contato com o suspeito que recebeu a equipe. O homem informou que realizou dois disparos de arma de fogo com sua espingarda e em seguida apresentou a arma de fogo juntamente com toda a documenta\u00e7\u00e3o.<\/p>\n\n\n\n<p>A equipe perguntou o motivo dos disparos, ele informou que teria avistado duas pessoas tentando entrar no p\u00e1tio de sua propriedade para tentar furtar um boi.<\/p>\n\n\n\n<p>O homem ainda relatou que n\u00e3o \u00e9 a primeira vez que ocorrem tentativas de furtos da mesma maneira em sua propriedade e que adquiriu o armamento para defesa, realizando os disparos para o ch\u00e3o.<\/p>\n\n\n\n<p>A equipe realizou buscas nos arredores da propriedade para ver se ficou algum objeto deixado para traz nas cercas.<\/p>\n\n\n\n<p>Diante da situa\u00e7\u00e3o a equipe orientou o mesmo quanto \u00e0s medidas cab\u00edveis a serem tomada e de seguran\u00e7a na opera\u00e7\u00e3o do armamento. Os policiais tamb\u00e9m orientaram a solicitante sobre o ocorrido.<\/p>\n\n\n\n<figure class=\"wp-block-image size-full\"><img decoding=\"async\" src=\"https:\/\/radiostudiow.com.br\/site\/wp-content\/uploads\/2022\/05\/HF-MALLET-1.jpg\" alt=\"\" class=\"wp-image-7563\"\/><\/figure>\n","protected":false},"excerpt":{"rendered":"<p>Uma mulher acionou a equipe da Pol\u00edcia Militar de Mallet ap\u00f3s seu vizinho come\u00e7ar a disparar uma arma de fogo no seu terreno. A situa\u00e7\u00e3o ocorreu neste domingo (10). No local a equipe policial entrou em contato com o suspeito que recebeu a equipe. O homem informou que realizou dois disparos de arma de fogo [&hellip;]<\/p>\n","protected":false},"author":2,"featured_media":8143,"comment_status":"open","ping_status":"open","sticky":false,"template":"","format":"standard","meta":{"footnotes":""},"categories":[2],"tags":[172],"class_list":["post-8142","post","type-post","status-publish","format-standard","has-post-thumbnail","hentry","category-policial","tag-featured"],"amp_enabled":true,"_links":{"self":[{"href":"https:\/\/radiostudiow.com.br\/site\/wp-json\/wp\/v2\/posts\/8142","targetHints":{"allow":["GET"]}}],"collection":[{"href":"https:\/\/radiostudiow.com.br\/site\/wp-json\/wp\/v2\/posts"}],"about":[{"href":"https:\/\/radiostudiow.com.br\/site\/wp-json\/wp\/v2\/types\/post"}],"author":[{"embeddable":true,"href":"https:\/\/radiostudiow.com.br\/site\/wp-json\/wp\/v2\/users\/2"}],"replies":[{"embeddable":true,"href":"https:\/\/radiostudiow.com.br\/site\/wp-json\/wp\/v2\/comments?post=8142"}],"version-history":[{"count":1,"href":"https:\/\/radiostudiow.com.br\/site\/wp-json\/wp\/v2\/posts\/8142\/revisions"}],"predecessor-version":[{"id":8144,"href":"https:\/\/radiostudiow.com.br\/site\/wp-json\/wp\/v2\/posts\/8142\/revisions\/8144"}],"wp:featuredmedia":[{"embeddable":true,"href":"https:\/\/radiostudiow.com.br\/site\/wp-json\/wp\/v2\/media\/8143"}],"wp:attachment":[{"href":"https:\/\/radiostudiow.com.br\/site\/wp-json\/wp\/v2\/media?parent=8142"}],"wp:term":[{"taxonomy":"category","embeddable":true,"href":"https:\/\/radiostudiow.com.br\/site\/wp-json\/wp\/v2\/categories?post=8142"},{"taxonomy":"post_tag","embeddable":true,"href":"https:\/\/radiostudiow.com.br\/site\/wp-json\/wp\/v2\/tags?post=8142"}],"curies":[{"name":"wp","href":"https:\/\/api.w.org\/{rel}","templated":true}]}}