{"id":8150,"date":"2022-07-12T11:02:54","date_gmt":"2022-07-12T14:02:54","guid":{"rendered":"https:\/\/radiostudiow.com.br\/site\/?p=8150"},"modified":"2025-01-31T15:10:02","modified_gmt":"2025-01-31T18:10:02","slug":"pm-de-uniao-da-vitoria-aborda-carro-suspeito-e-encontra-27-450-quilos-de-maconha","status":"publish","type":"post","link":"https:\/\/radiostudiow.com.br\/site\/2022\/07\/12\/pm-de-uniao-da-vitoria-aborda-carro-suspeito-e-encontra-27-450-quilos-de-maconha\/","title":{"rendered":"PM de Uni\u00e3o da Vit\u00f3ria aborda carro suspeito e encontra 27.450 quilos de maconha"},"content":{"rendered":"\n<figure class=\"wp-block-image size-full\"><img decoding=\"async\" src=\"https:\/\/radiostudiow.com.br\/site\/wp-content\/uploads\/2022\/05\/HF-MALLET.jpg\" alt=\"\" class=\"wp-image-7549\"\/><\/figure>\n\n\n\n<p>A Pol\u00edcia Militar do 27\u00ba Batalh\u00e3o apreendeu uma grande quantidade de maconha durante uma abordagem realizada na rodovia BR-476 por volta das 02:35 horas desta ter\u00e7a-feira (12).<\/p>\n\n\n\n<p>De acordo com o relat\u00f3rio policial, PM fez a abordagem de um carro Renault\/Sandero em atitude suspeita, o qual seu condutor seria respons\u00e1vel por fazer comercializa\u00e7\u00e3o de drogas em Uni\u00e3o da Vit\u00f3ria.<\/p>\n\n\n\n<p>No ve\u00edculo estavam dois ocupantes, sendo encontrado sob o banco traseiro 29 tabletes de maconha, os quais ap\u00f3s pesados aferiram 27.450 quilos. Os dois homens foram presos em flagrante e conduzidos at\u00e9 a delegacia.<\/p>\n\n\n\n<figure class=\"wp-block-image size-full\"><img decoding=\"async\" src=\"https:\/\/radiostudiow.com.br\/site\/wp-content\/uploads\/2022\/06\/SICREDI.jpg\" alt=\"\" class=\"wp-image-7695\"\/><\/figure>\n","protected":false},"excerpt":{"rendered":"<p>A Pol\u00edcia Militar do 27\u00ba Batalh\u00e3o apreendeu uma grande quantidade de maconha durante uma abordagem realizada na rodovia BR-476 por volta das 02:35 horas desta ter\u00e7a-feira (12). De acordo com o relat\u00f3rio policial, PM fez a abordagem de um carro Renault\/Sandero em atitude suspeita, o qual seu condutor seria respons\u00e1vel por fazer comercializa\u00e7\u00e3o de drogas [&hellip;]<\/p>\n","protected":false},"author":2,"featured_media":0,"comment_status":"open","ping_status":"open","sticky":false,"template":"","format":"standard","meta":{"footnotes":""},"categories":[2],"tags":[172],"class_list":["post-8150","post","type-post","status-publish","format-standard","hentry","category-policial","tag-featured"],"amp_enabled":true,"_links":{"self":[{"href":"https:\/\/radiostudiow.com.br\/site\/wp-json\/wp\/v2\/posts\/8150","targetHints":{"allow":["GET"]}}],"collection":[{"href":"https:\/\/radiostudiow.com.br\/site\/wp-json\/wp\/v2\/posts"}],"about":[{"href":"https:\/\/radiostudiow.com.br\/site\/wp-json\/wp\/v2\/types\/post"}],"author":[{"embeddable":true,"href":"https:\/\/radiostudiow.com.br\/site\/wp-json\/wp\/v2\/users\/2"}],"replies":[{"embeddable":true,"href":"https:\/\/radiostudiow.com.br\/site\/wp-json\/wp\/v2\/comments?post=8150"}],"version-history":[{"count":1,"href":"https:\/\/radiostudiow.com.br\/site\/wp-json\/wp\/v2\/posts\/8150\/revisions"}],"predecessor-version":[{"id":8152,"href":"https:\/\/radiostudiow.com.br\/site\/wp-json\/wp\/v2\/posts\/8150\/revisions\/8152"}],"wp:attachment":[{"href":"https:\/\/radiostudiow.com.br\/site\/wp-json\/wp\/v2\/media?parent=8150"}],"wp:term":[{"taxonomy":"category","embeddable":true,"href":"https:\/\/radiostudiow.com.br\/site\/wp-json\/wp\/v2\/categories?post=8150"},{"taxonomy":"post_tag","embeddable":true,"href":"https:\/\/radiostudiow.com.br\/site\/wp-json\/wp\/v2\/tags?post=8150"}],"curies":[{"name":"wp","href":"https:\/\/api.w.org\/{rel}","templated":true}]}}