{"id":8153,"date":"2022-07-12T11:49:42","date_gmt":"2022-07-12T14:49:42","guid":{"rendered":"https:\/\/radiostudiow.com.br\/site\/?p=8153"},"modified":"2025-01-31T15:10:02","modified_gmt":"2025-01-31T18:10:02","slug":"pm-de-paulo-frontin-atende-acidente-de-transito","status":"publish","type":"post","link":"https:\/\/radiostudiow.com.br\/site\/2022\/07\/12\/pm-de-paulo-frontin-atende-acidente-de-transito\/","title":{"rendered":"PM DE PAULO FRONTIN ATENDE ACIDENTE DE TR\u00c2NSITO"},"content":{"rendered":"\n<figure class=\"wp-block-image size-full\"><img decoding=\"async\" src=\"https:\/\/radiostudiow.com.br\/site\/wp-content\/uploads\/2022\/07\/1200-0k.gif\" alt=\"\" class=\"wp-image-8132\"\/><\/figure>\n\n\n\n<p>A Pol\u00edcia Militar de Paulo Frontin prestou atendimento de acidente tr\u00e2nsito na localidade da Linha Candido de Abreu.<\/p>\n\n\n\n<p>A situa\u00e7\u00e3o foi registrada por volta das 11:45 horas desta segunda \u2013 feira, 11 de julho, e envolveu dois ve\u00edculos GOL. Um era conduzido por uma mulher e outro conduzido por um homem.<\/p>\n\n\n\n<p>\u00a0O homem foi encaminhado ao hospital por ambul\u00e2ncia. Elaborado boletim de acidente de tr\u00e2nsito e orientado ambas as partes quanto aos procedimentos cab\u00edveis.<\/p>\n\n\n\n<figure class=\"wp-block-image size-full\"><img decoding=\"async\" src=\"https:\/\/radiostudiow.com.br\/site\/wp-content\/uploads\/2022\/06\/NUTRI-MALLET.jpg\" alt=\"\" class=\"wp-image-7772\"\/><\/figure>\n\n\n\n<h2 class=\"wp-block-heading\">SENHOR PROCURA A PM DE PAULO FRONTIN PARA RELATAR ACIDENTE TR\u00c2NSITO<\/h2>\n\n\n\n<p>Mais tarde, por volta das 13:00 horas desta segunda \u2013 feira, 11 de julho, um senhor procurou a Pol\u00edcia Militar de Paulo Frontin para relatar outro acidente de tr\u00e2nsito.<\/p>\n\n\n\n<p>De acordo com o solicitante, no dia 04 de junho, ele sofreu uma queda de bicicleta motorizada na via p\u00fablica.<\/p>\n\n\n\n<p>Dessa queda resultou fratura na perna esquerda e joelho esquerdo.<\/p>\n\n\n\n<figure class=\"wp-block-image size-full\"><img decoding=\"async\" src=\"https:\/\/radiostudiow.com.br\/site\/wp-content\/uploads\/2022\/06\/WRNET.jpg\" alt=\"\" class=\"wp-image-7827\"\/><\/figure>\n","protected":false},"excerpt":{"rendered":"<p>A Pol\u00edcia Militar de Paulo Frontin prestou atendimento de acidente tr\u00e2nsito na localidade da Linha Candido de Abreu. A situa\u00e7\u00e3o foi registrada por volta das 11:45 horas desta segunda \u2013 feira, 11 de julho, e envolveu dois ve\u00edculos GOL. Um era conduzido por uma mulher e outro conduzido por um homem. \u00a0O homem foi encaminhado [&hellip;]<\/p>\n","protected":false},"author":2,"featured_media":0,"comment_status":"open","ping_status":"open","sticky":false,"template":"","format":"standard","meta":{"footnotes":""},"categories":[2],"tags":[172],"class_list":["post-8153","post","type-post","status-publish","format-standard","hentry","category-policial","tag-featured"],"amp_enabled":true,"_links":{"self":[{"href":"https:\/\/radiostudiow.com.br\/site\/wp-json\/wp\/v2\/posts\/8153","targetHints":{"allow":["GET"]}}],"collection":[{"href":"https:\/\/radiostudiow.com.br\/site\/wp-json\/wp\/v2\/posts"}],"about":[{"href":"https:\/\/radiostudiow.com.br\/site\/wp-json\/wp\/v2\/types\/post"}],"author":[{"embeddable":true,"href":"https:\/\/radiostudiow.com.br\/site\/wp-json\/wp\/v2\/users\/2"}],"replies":[{"embeddable":true,"href":"https:\/\/radiostudiow.com.br\/site\/wp-json\/wp\/v2\/comments?post=8153"}],"version-history":[{"count":1,"href":"https:\/\/radiostudiow.com.br\/site\/wp-json\/wp\/v2\/posts\/8153\/revisions"}],"predecessor-version":[{"id":8154,"href":"https:\/\/radiostudiow.com.br\/site\/wp-json\/wp\/v2\/posts\/8153\/revisions\/8154"}],"wp:attachment":[{"href":"https:\/\/radiostudiow.com.br\/site\/wp-json\/wp\/v2\/media?parent=8153"}],"wp:term":[{"taxonomy":"category","embeddable":true,"href":"https:\/\/radiostudiow.com.br\/site\/wp-json\/wp\/v2\/categories?post=8153"},{"taxonomy":"post_tag","embeddable":true,"href":"https:\/\/radiostudiow.com.br\/site\/wp-json\/wp\/v2\/tags?post=8153"}],"curies":[{"name":"wp","href":"https:\/\/api.w.org\/{rel}","templated":true}]}}