{"id":8156,"date":"2022-07-13T12:41:24","date_gmt":"2022-07-13T15:41:24","guid":{"rendered":"https:\/\/radiostudiow.com.br\/site\/?p=8156"},"modified":"2025-01-31T15:10:02","modified_gmt":"2025-01-31T18:10:02","slug":"motorista-fica-ferido-em-colisao-contra-poste","status":"publish","type":"post","link":"https:\/\/radiostudiow.com.br\/site\/2022\/07\/13\/motorista-fica-ferido-em-colisao-contra-poste\/","title":{"rendered":"Motorista fica ferido em colis\u00e3o contra poste"},"content":{"rendered":"\n<figure class=\"wp-block-image size-full\"><img decoding=\"async\" src=\"https:\/\/radiostudiow.com.br\/site\/wp-content\/uploads\/2022\/07\/1200-0k.gif\" alt=\"\" class=\"wp-image-8132\"\/><\/figure>\n\n\n\n<p>Em Imbituva, pr\u00f3ximo ao Parque Industrial na BR-153, um motorista ficou ferido ao colidir uma caminhonete Hilux contra um poste. O acidente aconteceu por volta das 21:30 horas desta ter\u00e7a-feira (12).<\/p>\n\n\n\n<p>A Pol\u00edcia Rodovi\u00e1ria prestou atendimento no local e informou que o condutor, de 46 anos, teve les\u00f5es leves. O ve\u00edculo teve v\u00e1rios danos.<\/p>\n\n\n\n<figure class=\"wp-block-image size-full\"><img decoding=\"async\" src=\"https:\/\/radiostudiow.com.br\/site\/wp-content\/uploads\/2022\/06\/WRNET.jpg\" alt=\"\" class=\"wp-image-7827\"\/><\/figure>\n","protected":false},"excerpt":{"rendered":"<p>Em Imbituva, pr\u00f3ximo ao Parque Industrial na BR-153, um motorista ficou ferido ao colidir uma caminhonete Hilux contra um poste. O acidente aconteceu por volta das 21:30 horas desta ter\u00e7a-feira (12). A Pol\u00edcia Rodovi\u00e1ria prestou atendimento no local e informou que o condutor, de 46 anos, teve les\u00f5es leves. O ve\u00edculo teve v\u00e1rios danos.<\/p>\n","protected":false},"author":2,"featured_media":0,"comment_status":"open","ping_status":"open","sticky":false,"template":"","format":"standard","meta":{"footnotes":""},"categories":[2],"tags":[172],"class_list":["post-8156","post","type-post","status-publish","format-standard","hentry","category-policial","tag-featured"],"amp_enabled":true,"_links":{"self":[{"href":"https:\/\/radiostudiow.com.br\/site\/wp-json\/wp\/v2\/posts\/8156","targetHints":{"allow":["GET"]}}],"collection":[{"href":"https:\/\/radiostudiow.com.br\/site\/wp-json\/wp\/v2\/posts"}],"about":[{"href":"https:\/\/radiostudiow.com.br\/site\/wp-json\/wp\/v2\/types\/post"}],"author":[{"embeddable":true,"href":"https:\/\/radiostudiow.com.br\/site\/wp-json\/wp\/v2\/users\/2"}],"replies":[{"embeddable":true,"href":"https:\/\/radiostudiow.com.br\/site\/wp-json\/wp\/v2\/comments?post=8156"}],"version-history":[{"count":1,"href":"https:\/\/radiostudiow.com.br\/site\/wp-json\/wp\/v2\/posts\/8156\/revisions"}],"predecessor-version":[{"id":8158,"href":"https:\/\/radiostudiow.com.br\/site\/wp-json\/wp\/v2\/posts\/8156\/revisions\/8158"}],"wp:attachment":[{"href":"https:\/\/radiostudiow.com.br\/site\/wp-json\/wp\/v2\/media?parent=8156"}],"wp:term":[{"taxonomy":"category","embeddable":true,"href":"https:\/\/radiostudiow.com.br\/site\/wp-json\/wp\/v2\/categories?post=8156"},{"taxonomy":"post_tag","embeddable":true,"href":"https:\/\/radiostudiow.com.br\/site\/wp-json\/wp\/v2\/tags?post=8156"}],"curies":[{"name":"wp","href":"https:\/\/api.w.org\/{rel}","templated":true}]}}