{"id":8162,"date":"2022-07-13T16:19:09","date_gmt":"2022-07-13T19:19:09","guid":{"rendered":"https:\/\/radiostudiow.com.br\/site\/?p=8162"},"modified":"2025-01-31T15:10:02","modified_gmt":"2025-01-31T18:10:02","slug":"cooperativa-bom-jesus-completa-70-anos-de-historia","status":"publish","type":"post","link":"https:\/\/radiostudiow.com.br\/site\/2022\/07\/13\/cooperativa-bom-jesus-completa-70-anos-de-historia\/","title":{"rendered":"Cooperativa Bom Jesus completa 70 anos de hist\u00f3ria"},"content":{"rendered":"\n<figure class=\"wp-block-image size-full\"><img decoding=\"async\" src=\"https:\/\/radiostudiow.com.br\/site\/wp-content\/uploads\/2022\/05\/HF-MALLET.jpg\" alt=\"\" class=\"wp-image-7549\"\/><\/figure>\n\n\n\n<p>H\u00e1 70 anos, a Cooperativa Bom Jesus trabalha com o objetivo de construir um futuro melhor. Fundada em 1952 por empreendedores rurais que perceberam no cooperativismo uma possibilidade de melhorar o poder de barganha e de crescer, a Cooperativa Bom Jesus sempre manteve a tradi\u00e7\u00e3o, o respeito e a constante evolu\u00e7\u00e3o como princ\u00edpios fundamentais.<\/p>\n\n\n\n<p>Com gest\u00e3o democr\u00e1tica, profissionalismo, transpar\u00eancia e comprometimento com o desenvolvimento socioecon\u00f4mico, chega ao ano de 2022 com mais de 5 mil cooperados, estando presente em 13 munic\u00edpios, com 25 unidades espalhadas pelo Paran\u00e1 e Santa Catarina.<\/p>\n\n\n\n<p>Sobre a Cooperativa Bom Jesus<br>A sua hist\u00f3ria come\u00e7ou com 18 empreendedores rurais que vislumbravam no cooperativismo a possibilidade de crescimento. A Bom Jesus era uma cooperativa de consumo, onde os produtores buscavam um melhor poder de barganha\/compras.<\/p>\n\n\n\n<p>Sua sede, desde a funda\u00e7\u00e3o na Col\u00f4nia Municipal, na Lapa, posteriormente foi levada para o centro da cidade, onde permaneceu at\u00e9 1966. Com potencial ampliado, passou a funcionar na Vila S\u00e3o Jos\u00e9. Com crescimento constante e visando uma maior comodidade aos seus s\u00f3cios, a partir de 1989 sua Sede foi transferida para o endere\u00e7o atual, as margens da Rodovia do Xisto, no trevo ligando S\u00e3o Mateus do Sul, Porto Amazonas e Campo do Tenente.<\/p>\n\n\n\n<p>A partir do ano de 2005, passou a se chamar Cooperativa Agroindustrial Bom Jesus e hoje est\u00e1 presente com 25 unidades em 13 munic\u00edpios espalhados no sudeste paranaense e planalto norte catarinense, sendo: Lapa, Contenda, Quitandinha, Balsa Nova, Palmeira, S\u00e3o Jo\u00e3o do Triunfo, Irati, Rebou\u00e7as, Mallet, Paulo Frontin, S\u00e3o Mateus do Sul e Antonio Olinto, no Paran\u00e1; e Mafra, em Santa Catarina. Possui tamb\u00e9m uma Fazenda Experimental e uma F\u00e1brica de Ra\u00e7\u00f5es, com capacidade de produ\u00e7\u00e3o de 20 toneladas\/hora, ra\u00e7\u00f5es para bovinos de leite, bovinos de corte, equinos, caprinos, ovinos, su\u00ednos, aves e coelhos levando a marca Fibra.<\/p>\n\n\n\n<p>Atua no recebimento de soja, milho, feij\u00e3o, trigo e cevada, levando toda tecnologia aos produtores com assist\u00eancia t\u00e9cnica e insumos no tratamento de diversas culturas e agora com novos neg\u00f3cios em parceria com as empresas Saframax, Turim, Verion, Becker e Stihl, na venda de equipamentos agr\u00edcolas.<\/p>\n\n\n\n<p>S\u00f3cia da Cooperativa Central Coonagro, e intercoopera\u00e7\u00e3o na Maltaria Campos Gerais com as Cooperativas Agr\u00e1ria (Guarapuava), Capal (Arapoti), Castrolanda (Castro), Coopagr\u00edcola (Ponta Grossa) e Fr\u00edsia (Carambe\u00ed).<\/p>\n\n\n\n<p>Atua tamb\u00e9m na capta\u00e7\u00e3o de leite na regi\u00e3o, auxiliando na assist\u00eancia t\u00e9cnica e trabalhando em processo de intercoopera\u00e7\u00e3o com as Cooperativas Fr\u00edsia e Castrolanda.<\/p>\n\n\n\n<p>Com mais de 5.900 associados, a Cooperativa Bom Jesus vem apresentando avan\u00e7os importantes no seu balan\u00e7o econ\u00f4mico, com investimento em mais de R$ 140 milh\u00f5es na regi\u00e3o em pelo menos dois anos.<\/p>\n\n\n\n<figure class=\"wp-block-image size-full\"><img decoding=\"async\" src=\"https:\/\/radiostudiow.com.br\/site\/wp-content\/uploads\/2022\/06\/IMOB-SUL.jpg\" alt=\"\" class=\"wp-image-7709\"\/><\/figure>\n","protected":false},"excerpt":{"rendered":"<p>H\u00e1 70 anos, a Cooperativa Bom Jesus trabalha com o objetivo de construir um futuro melhor. Fundada em 1952 por empreendedores rurais que perceberam no cooperativismo uma possibilidade de melhorar o poder de barganha e de crescer, a Cooperativa Bom Jesus sempre manteve a tradi\u00e7\u00e3o, o respeito e a constante evolu\u00e7\u00e3o como princ\u00edpios fundamentais. Com [&hellip;]<\/p>\n","protected":false},"author":2,"featured_media":0,"comment_status":"open","ping_status":"open","sticky":false,"template":"","format":"standard","meta":{"footnotes":""},"categories":[2],"tags":[172],"class_list":["post-8162","post","type-post","status-publish","format-standard","hentry","category-policial","tag-featured"],"amp_enabled":true,"_links":{"self":[{"href":"https:\/\/radiostudiow.com.br\/site\/wp-json\/wp\/v2\/posts\/8162","targetHints":{"allow":["GET"]}}],"collection":[{"href":"https:\/\/radiostudiow.com.br\/site\/wp-json\/wp\/v2\/posts"}],"about":[{"href":"https:\/\/radiostudiow.com.br\/site\/wp-json\/wp\/v2\/types\/post"}],"author":[{"embeddable":true,"href":"https:\/\/radiostudiow.com.br\/site\/wp-json\/wp\/v2\/users\/2"}],"replies":[{"embeddable":true,"href":"https:\/\/radiostudiow.com.br\/site\/wp-json\/wp\/v2\/comments?post=8162"}],"version-history":[{"count":1,"href":"https:\/\/radiostudiow.com.br\/site\/wp-json\/wp\/v2\/posts\/8162\/revisions"}],"predecessor-version":[{"id":8164,"href":"https:\/\/radiostudiow.com.br\/site\/wp-json\/wp\/v2\/posts\/8162\/revisions\/8164"}],"wp:attachment":[{"href":"https:\/\/radiostudiow.com.br\/site\/wp-json\/wp\/v2\/media?parent=8162"}],"wp:term":[{"taxonomy":"category","embeddable":true,"href":"https:\/\/radiostudiow.com.br\/site\/wp-json\/wp\/v2\/categories?post=8162"},{"taxonomy":"post_tag","embeddable":true,"href":"https:\/\/radiostudiow.com.br\/site\/wp-json\/wp\/v2\/tags?post=8162"}],"curies":[{"name":"wp","href":"https:\/\/api.w.org\/{rel}","templated":true}]}}