{"id":8191,"date":"2022-07-15T11:55:01","date_gmt":"2022-07-15T14:55:01","guid":{"rendered":"https:\/\/radiostudiow.com.br\/site\/?p=8191"},"modified":"2025-01-31T15:10:01","modified_gmt":"2025-01-31T18:10:01","slug":"pm-de-mallet-e-acionada-para-atender-furto-de-ferramentas","status":"publish","type":"post","link":"https:\/\/radiostudiow.com.br\/site\/2022\/07\/15\/pm-de-mallet-e-acionada-para-atender-furto-de-ferramentas\/","title":{"rendered":"PM DE MALLET \u00c9 ACIONADA PARA ATENDER FURTO DE FERRAMENTAS"},"content":{"rendered":"\n<figure class=\"wp-block-image size-full\"><img decoding=\"async\" src=\"https:\/\/radiostudiow.com.br\/site\/wp-content\/uploads\/2022\/06\/vem_ai.jpg\" alt=\"\" class=\"wp-image-7789\"\/><\/figure>\n\n\n\n<p>A equipe da Pol\u00edcia Militar de Mallet recebeu uma solicita\u00e7\u00e3o via Copom para se deslocar at\u00e9 a \u00e1rea rural da cidade, localidade de Vicinal Doze, para atender uma ocorr\u00eancia de furto de ferramentas em um sitio. A situa\u00e7\u00e3o foi registrada por volta das 16:32 horas desta quinta \u2013 feira (14).<\/p>\n\n\n\n<p>No local os policiais entraram em contato com o solicitante, o qual relatou a equipe que foi at\u00e9 um paiol pr\u00f3ximo a sua resid\u00eancia e ao abrir a porta constatou que estava faltando algumas ferramentas. Sendo 01 (uma) motosserra stihl 038, 01 (um) aparelho de solda lynuslis120b, 02 (duas) furadeiras skill de m\u00e3o, 01 (uma) furadeira bosch, 01(uma) esmerilhadora skill.<\/p>\n\n\n\n<p>Segundo a v\u00edtima, a \u00faltima vez que teria ido at\u00e9 o paiol foi na segunda-feira, 11 de julho.<\/p>\n\n\n\n<p>A equipe perguntou se teria algum suspeito, o solicitante disse que n\u00e3o, sendo orientado quanto \u00e0s medidas cab\u00edveis.<\/p>\n\n\n\n<figure class=\"wp-block-image size-full\"><img decoding=\"async\" src=\"https:\/\/radiostudiow.com.br\/site\/wp-content\/uploads\/2022\/06\/SICREDI.jpg\" alt=\"\" class=\"wp-image-7695\"\/><\/figure>\n","protected":false},"excerpt":{"rendered":"<p>A equipe da Pol\u00edcia Militar de Mallet recebeu uma solicita\u00e7\u00e3o via Copom para se deslocar at\u00e9 a \u00e1rea rural da cidade, localidade de Vicinal Doze, para atender uma ocorr\u00eancia de furto de ferramentas em um sitio. A situa\u00e7\u00e3o foi registrada por volta das 16:32 horas desta quinta \u2013 feira (14). No local os policiais entraram [&hellip;]<\/p>\n","protected":false},"author":2,"featured_media":8143,"comment_status":"open","ping_status":"open","sticky":false,"template":"","format":"standard","meta":{"footnotes":""},"categories":[2],"tags":[172],"class_list":["post-8191","post","type-post","status-publish","format-standard","has-post-thumbnail","hentry","category-policial","tag-featured"],"amp_enabled":true,"_links":{"self":[{"href":"https:\/\/radiostudiow.com.br\/site\/wp-json\/wp\/v2\/posts\/8191","targetHints":{"allow":["GET"]}}],"collection":[{"href":"https:\/\/radiostudiow.com.br\/site\/wp-json\/wp\/v2\/posts"}],"about":[{"href":"https:\/\/radiostudiow.com.br\/site\/wp-json\/wp\/v2\/types\/post"}],"author":[{"embeddable":true,"href":"https:\/\/radiostudiow.com.br\/site\/wp-json\/wp\/v2\/users\/2"}],"replies":[{"embeddable":true,"href":"https:\/\/radiostudiow.com.br\/site\/wp-json\/wp\/v2\/comments?post=8191"}],"version-history":[{"count":1,"href":"https:\/\/radiostudiow.com.br\/site\/wp-json\/wp\/v2\/posts\/8191\/revisions"}],"predecessor-version":[{"id":8192,"href":"https:\/\/radiostudiow.com.br\/site\/wp-json\/wp\/v2\/posts\/8191\/revisions\/8192"}],"wp:featuredmedia":[{"embeddable":true,"href":"https:\/\/radiostudiow.com.br\/site\/wp-json\/wp\/v2\/media\/8143"}],"wp:attachment":[{"href":"https:\/\/radiostudiow.com.br\/site\/wp-json\/wp\/v2\/media?parent=8191"}],"wp:term":[{"taxonomy":"category","embeddable":true,"href":"https:\/\/radiostudiow.com.br\/site\/wp-json\/wp\/v2\/categories?post=8191"},{"taxonomy":"post_tag","embeddable":true,"href":"https:\/\/radiostudiow.com.br\/site\/wp-json\/wp\/v2\/tags?post=8191"}],"curies":[{"name":"wp","href":"https:\/\/api.w.org\/{rel}","templated":true}]}}