{"id":8195,"date":"2022-07-15T18:26:56","date_gmt":"2022-07-15T21:26:56","guid":{"rendered":"https:\/\/radiostudiow.com.br\/site\/?p=8195"},"modified":"2025-01-31T15:10:01","modified_gmt":"2025-01-31T18:10:01","slug":"pm-de-cruz-machado-prende-homem-com-drogas","status":"publish","type":"post","link":"https:\/\/radiostudiow.com.br\/site\/2022\/07\/15\/pm-de-cruz-machado-prende-homem-com-drogas\/","title":{"rendered":"PM DE CRUZ MACHADO PRENDE HOMEM COM DROGAS"},"content":{"rendered":"\n<figure class=\"wp-block-image size-full\"><img decoding=\"async\" src=\"https:\/\/radiostudiow.com.br\/site\/wp-content\/uploads\/2022\/05\/HF-MALLET.jpg\" alt=\"\" class=\"wp-image-7549\"\/><\/figure>\n\n\n\n<p>A equipe da Policia Militar de Cruz Machado estava em patrulhamento de rotina quando se deparou com um homem que ao identificar a viatura policial demonstrou nervosismo. Por volta das 15:30 horas desta quinta-feira (14).<\/p>\n\n\n\n<p>Ap\u00f3s a atitude suspeita do homem, foi realizada a abordagem, o qual passou a gesticular que era surdo e mudo. Realizada a busca pessoal foi localizado no bolso direito da sua cal\u00e7a dois frascos pl\u00e1sticos.<\/p>\n\n\n\n<p>No interior de um dos frascos havia uma por\u00e7\u00e3o de maconha de aproximadamente uma grama e em outro frasco tr\u00eas buchas pequenas de substancia an\u00e1logas \u00e0 coca\u00edna, pesando aproximadamente uma grama. N\u00e3o foi realizada a pesagem da droga por n\u00e3o dispor de balan\u00e7a no referido PPM.<\/p>\n\n\n\n<p>O mesmo foi identificado atrav\u00e9s de sua carteira de identidade, ele foi conduzido ao PPM onde foi confeccionado o termo circunstanciado. Sendo que o detido sabe ler e escrever.<\/p>\n\n\n\n<figure class=\"wp-block-image size-full\"><img decoding=\"async\" src=\"https:\/\/radiostudiow.com.br\/site\/wp-content\/uploads\/2022\/05\/SEPAC.jpg\" alt=\"\" class=\"wp-image-7600\"\/><\/figure>\n","protected":false},"excerpt":{"rendered":"<p>A equipe da Policia Militar de Cruz Machado estava em patrulhamento de rotina quando se deparou com um homem que ao identificar a viatura policial demonstrou nervosismo. Por volta das 15:30 horas desta quinta-feira (14). Ap\u00f3s a atitude suspeita do homem, foi realizada a abordagem, o qual passou a gesticular que era surdo e mudo. [&hellip;]<\/p>\n","protected":false},"author":2,"featured_media":7354,"comment_status":"open","ping_status":"open","sticky":false,"template":"","format":"standard","meta":{"footnotes":""},"categories":[2],"tags":[172],"class_list":["post-8195","post","type-post","status-publish","format-standard","has-post-thumbnail","hentry","category-policial","tag-featured"],"amp_enabled":true,"_links":{"self":[{"href":"https:\/\/radiostudiow.com.br\/site\/wp-json\/wp\/v2\/posts\/8195","targetHints":{"allow":["GET"]}}],"collection":[{"href":"https:\/\/radiostudiow.com.br\/site\/wp-json\/wp\/v2\/posts"}],"about":[{"href":"https:\/\/radiostudiow.com.br\/site\/wp-json\/wp\/v2\/types\/post"}],"author":[{"embeddable":true,"href":"https:\/\/radiostudiow.com.br\/site\/wp-json\/wp\/v2\/users\/2"}],"replies":[{"embeddable":true,"href":"https:\/\/radiostudiow.com.br\/site\/wp-json\/wp\/v2\/comments?post=8195"}],"version-history":[{"count":1,"href":"https:\/\/radiostudiow.com.br\/site\/wp-json\/wp\/v2\/posts\/8195\/revisions"}],"predecessor-version":[{"id":8196,"href":"https:\/\/radiostudiow.com.br\/site\/wp-json\/wp\/v2\/posts\/8195\/revisions\/8196"}],"wp:featuredmedia":[{"embeddable":true,"href":"https:\/\/radiostudiow.com.br\/site\/wp-json\/wp\/v2\/media\/7354"}],"wp:attachment":[{"href":"https:\/\/radiostudiow.com.br\/site\/wp-json\/wp\/v2\/media?parent=8195"}],"wp:term":[{"taxonomy":"category","embeddable":true,"href":"https:\/\/radiostudiow.com.br\/site\/wp-json\/wp\/v2\/categories?post=8195"},{"taxonomy":"post_tag","embeddable":true,"href":"https:\/\/radiostudiow.com.br\/site\/wp-json\/wp\/v2\/tags?post=8195"}],"curies":[{"name":"wp","href":"https:\/\/api.w.org\/{rel}","templated":true}]}}