{"id":8197,"date":"2022-07-16T10:50:49","date_gmt":"2022-07-16T13:50:49","guid":{"rendered":"https:\/\/radiostudiow.com.br\/site\/?p=8197"},"modified":"2025-01-31T15:10:01","modified_gmt":"2025-01-31T18:10:01","slug":"sicredi-centro-sul-pr-sc-rj-continua-seu-projeto-de-expansao-e-inaugura-a-2a-agencia-na-cidade-de-uniao-da-vitoria-pr","status":"publish","type":"post","link":"https:\/\/radiostudiow.com.br\/site\/2022\/07\/16\/sicredi-centro-sul-pr-sc-rj-continua-seu-projeto-de-expansao-e-inaugura-a-2a-agencia-na-cidade-de-uniao-da-vitoria-pr\/","title":{"rendered":"Sicredi Centro Sul PR\/SC\/RJ continua seu projeto de expans\u00e3o e inaugura a 2\u00aa ag\u00eancia na cidade de Uni\u00e3o da Vit\u00f3ria-PR"},"content":{"rendered":"\n<p>O Sicredi, institui\u00e7\u00e3o financeira cooperativa comprometida com a vida financeira de seus associados e com o desenvolvimento das regi\u00f5es onde atua, h\u00e1 quase 120 anos e com presen\u00e7a nacional, contando com mais de 2.200 ag\u00eancias e oferecendo mais de 300 produtos e servi\u00e7os financeiros, inaugurou no dia 27 de junho a 2\u00aa ag\u00eancia na cidade de Uni\u00e3o da Vit\u00f3ria-PR e a 3\u00aa das G\u00eameas do Igua\u00e7u, pertencentes a \u00e1rea de atua\u00e7\u00e3o da Sicredi Centro Sul PR\/SC\/RJ, uma das 108 cooperativas integrantes do Sistema.<\/p>\n\n\n\n<figure class=\"wp-block-image size-full\"><img decoding=\"async\" src=\"https:\/\/radiostudiow.com.br\/site\/wp-content\/uploads\/2022\/06\/SICREDI.jpg\" alt=\"\" class=\"wp-image-7695\"\/><\/figure>\n\n\n\n<p>A cooperativa est\u00e1 presente no munic\u00edpio h\u00e1 14 anos e a abertura de mais uma ag\u00eancia contribui para a expans\u00e3o do cooperativismo de cr\u00e9dito na cidade e regi\u00e3o. Os benef\u00edcios s\u00e3o constatados em&nbsp;pesquisa da Funda\u00e7\u00e3o Instituto de Pesquisas Econ\u00f4micas (Fipe), encomendada pelo Sicredi em 2020. Conforme o estudo, o cooperativismo incrementa o Produto Interno Bruto (PIB) per capita dos munic\u00edpios em 5,6%, cria 6,2% mais vagas de trabalho formal e aumenta o n\u00famero de estabelecimentos comerciais em 15,7%, estimulando, portanto, o empreendedorismo local.<\/p>\n\n\n\n<p>Situada na Av. Paula Freitas, n\u00b0 1384 &#8211; Nossa Senhora da Salete, Distrito de S\u00e3o Crist\u00f3v\u00e3o, a ag\u00eancia conta com\u00a0378,33 m\u00b2 e oferece conforto, proximidade e intera\u00e7\u00e3o ao p\u00fablico. Segundo a Gerente da Ag\u00eancia, Karla Mazurek, a chegada ao distrito de S\u00e3o Crist\u00f3v\u00e3o proporcionar\u00e1 muito al\u00e9m de uma ag\u00eancia moderna, linda e aconchegante. <em>\u201cChegamos com uma equipe preparada e com muita energia para atender aos nossos associados e toda a comunidade ao redor. Com relacionamento pr\u00f3ximo e solu\u00e7\u00f5es financeiras desenvolvidas para trazer facilidade, praticidade e tranquilidade, estamos comprometidos a cooperar com o desenvolvimento de Uni\u00e3o da Vit\u00f3ria e das G\u00eameas do Igua\u00e7u.&#8221;<\/em><\/p>\n\n\n\n<figure class=\"wp-block-gallery has-nested-images columns-default is-cropped wp-block-gallery-1 is-layout-flex wp-block-gallery-is-layout-flex\">\n<figure class=\"wp-block-image size-large\"><img loading=\"lazy\" decoding=\"async\" width=\"995\" height=\"1024\" data-id=\"8202\" src=\"https:\/\/radiostudiow.com.br\/site\/wp-content\/uploads\/2022\/07\/image00002-995x1024.jpeg\" alt=\"\" class=\"wp-image-8202\" srcset=\"https:\/\/radiostudiow.com.br\/site\/wp-content\/uploads\/2022\/07\/image00002-995x1024.jpeg 995w, https:\/\/radiostudiow.com.br\/site\/wp-content\/uploads\/2022\/07\/image00002-291x300.jpeg 291w, https:\/\/radiostudiow.com.br\/site\/wp-content\/uploads\/2022\/07\/image00002-768x790.jpeg 768w, https:\/\/radiostudiow.com.br\/site\/wp-content\/uploads\/2022\/07\/image00002-1492x1536.jpeg 1492w, https:\/\/radiostudiow.com.br\/site\/wp-content\/uploads\/2022\/07\/image00002-1990x2048.jpeg 1990w\" sizes=\"auto, (max-width: 995px) 100vw, 995px\" \/><\/figure>\n\n\n\n<figure class=\"wp-block-image size-large\"><img decoding=\"async\" data-id=\"8204\" src=\"https:\/\/radiostudiow.com.br\/site\/wp-content\/uploads\/2022\/07\/image00001-2-1024x768.jpeg\" alt=\"\" class=\"wp-image-8204\"\/><\/figure>\n<\/figure>\n\n\n\n<p>Para o Presidente da cooperativa, Santo Cappellari a inaugura\u00e7\u00e3o de uma nova ag\u00eancia no munic\u00edpio \u00e9 muito mais do que uma nova estrutura, <em>\u201cN\u00e3o estamos presentes apenas fisicamente com a ag\u00eancia, n\u00f3s temos um relacionamento com a comunidade e com o Distrito de S\u00e3o Crist\u00f3v\u00e3o, e vamos fazer parte do dia a dia das pessoas, com as a\u00e7\u00f5es que v\u00e3o acontecer no munic\u00edpio e ao ajudar a realizar os sonhos dos nossos associados, tudo isso vai ao encontro com o nosso prop\u00f3sito, de ajudar a construir uma sociedade cada vez mais pr\u00f3spera.\u201d E completa \u201ca estrutura inaugurada \u00e9 para voc\u00eas, nossos associados, e foi pensada no bom atendimento e conforto de cada um.\u201d<\/em><\/p>\n\n\n\n<p>A pr\u00f3xima ag\u00eancia da Sicredi Centro Sul PR\/SC\/RJ ser\u00e1 inaugurada em 28 de julho, na cidade de S\u00e3o Jos\u00e9 do Vale do Rio Preto\/RJ. Com estas inaugura\u00e7\u00f5es, a cooperativa conclui o ano de 2022 com 30 ag\u00eancias ativas mais a Sede Regional. Esse crescimento contribui ainda mais para a expans\u00e3o do cooperativismo de cr\u00e9dito, pois mais do que oferecer solu\u00e7\u00f5es financeiras, o Sicredi, aumenta as oportunidades e constr\u00f3i la\u00e7os s\u00f3lidos e sustent\u00e1veis onde atua.<\/p>\n\n\n\n<figure class=\"wp-block-image size-full\"><img decoding=\"async\" src=\"https:\/\/radiostudiow.com.br\/site\/wp-content\/uploads\/2022\/06\/WRNET.jpg\" alt=\"\" class=\"wp-image-7827\"\/><\/figure>\n\n\n\n<p><strong>Fale com o Sicredi<\/strong><\/p>\n\n\n\n<p>Com o objetivo de estar cada vez mais pr\u00f3ximo dos associados, al\u00e9m das ag\u00eancias f\u00edsicas, o Sicredi oferece tamb\u00e9m uma m\u00faltipla rede de canais como o Aplicativo Sicredi e internet Banking, redes de autoatendimento, agentes credenciados e atendimento via WhatsApp (51) 3358-4770.<\/p>\n","protected":false},"excerpt":{"rendered":"<p>O Sicredi, institui\u00e7\u00e3o financeira cooperativa comprometida com a vida financeira de seus associados e com o desenvolvimento das regi\u00f5es onde atua, h\u00e1 quase 120 anos e com presen\u00e7a nacional, contando com mais de 2.200 ag\u00eancias e oferecendo mais de 300 produtos e servi\u00e7os financeiros, inaugurou no dia 27 de junho a 2\u00aa ag\u00eancia na cidade [&hellip;]<\/p>\n","protected":false},"author":2,"featured_media":0,"comment_status":"open","ping_status":"open","sticky":false,"template":"","format":"standard","meta":{"footnotes":""},"categories":[7],"tags":[172],"class_list":["post-8197","post","type-post","status-publish","format-standard","hentry","category-geral","tag-featured"],"amp_enabled":true,"_links":{"self":[{"href":"https:\/\/radiostudiow.com.br\/site\/wp-json\/wp\/v2\/posts\/8197","targetHints":{"allow":["GET"]}}],"collection":[{"href":"https:\/\/radiostudiow.com.br\/site\/wp-json\/wp\/v2\/posts"}],"about":[{"href":"https:\/\/radiostudiow.com.br\/site\/wp-json\/wp\/v2\/types\/post"}],"author":[{"embeddable":true,"href":"https:\/\/radiostudiow.com.br\/site\/wp-json\/wp\/v2\/users\/2"}],"replies":[{"embeddable":true,"href":"https:\/\/radiostudiow.com.br\/site\/wp-json\/wp\/v2\/comments?post=8197"}],"version-history":[{"count":2,"href":"https:\/\/radiostudiow.com.br\/site\/wp-json\/wp\/v2\/posts\/8197\/revisions"}],"predecessor-version":[{"id":8206,"href":"https:\/\/radiostudiow.com.br\/site\/wp-json\/wp\/v2\/posts\/8197\/revisions\/8206"}],"wp:attachment":[{"href":"https:\/\/radiostudiow.com.br\/site\/wp-json\/wp\/v2\/media?parent=8197"}],"wp:term":[{"taxonomy":"category","embeddable":true,"href":"https:\/\/radiostudiow.com.br\/site\/wp-json\/wp\/v2\/categories?post=8197"},{"taxonomy":"post_tag","embeddable":true,"href":"https:\/\/radiostudiow.com.br\/site\/wp-json\/wp\/v2\/tags?post=8197"}],"curies":[{"name":"wp","href":"https:\/\/api.w.org\/{rel}","templated":true}]}}