{"id":8207,"date":"2022-07-16T12:00:04","date_gmt":"2022-07-16T15:00:04","guid":{"rendered":"https:\/\/radiostudiow.com.br\/site\/?p=8207"},"modified":"2025-01-31T15:10:01","modified_gmt":"2025-01-31T18:10:01","slug":"motociclista-sofre-ferimentos-moderados-apos-colisao-na-vila-amaral","status":"publish","type":"post","link":"https:\/\/radiostudiow.com.br\/site\/2022\/07\/16\/motociclista-sofre-ferimentos-moderados-apos-colisao-na-vila-amaral\/","title":{"rendered":"Motociclista sofre ferimentos moderados ap\u00f3s colis\u00e3o na Vila Amaral"},"content":{"rendered":"\n<figure class=\"wp-block-image size-full\"><img decoding=\"async\" src=\"https:\/\/radiostudiow.com.br\/site\/wp-content\/uploads\/2022\/06\/IMOB-SUL.jpg\" alt=\"\" class=\"wp-image-7709\"\/><\/figure>\n\n\n\n<p>O Corpo de Bombeiros atendeu um acidente envolvendo carro e motocicleta, na Rua Evaldo Gaensly, pr\u00f3ximo ao Mariano Atacadista, na Vila Amaral na noite desta sexta-feira (15).<\/p>\n\n\n\n<p>Segundo informa\u00e7\u00f5es, a colis\u00e3o ocorreu ap\u00f3s o ve\u00edculo Honda Civic LXL, de cor prata, virar para entrar no estacionamento do mercado, quando acabou colidindo contra uma moto Honda CG 150 Titan, de cor cinza.<\/p>\n\n\n\n<p>O piloto de 23 anos sofreu ferimentos moderados e foi socorrido e encaminhado ao Pronto Atendimento Municipal. O motorista do carro, de 50 anos, saiu ileso.<\/p>\n\n\n\n<figure class=\"wp-block-image size-full\"><img decoding=\"async\" src=\"https:\/\/radiostudiow.com.br\/site\/wp-content\/uploads\/2022\/05\/SEPAC.jpg\" alt=\"\" class=\"wp-image-7600\"\/><\/figure>\n","protected":false},"excerpt":{"rendered":"<p>O Corpo de Bombeiros atendeu um acidente envolvendo carro e motocicleta, na Rua Evaldo Gaensly, pr\u00f3ximo ao Mariano Atacadista, na Vila Amaral na noite desta sexta-feira (15). Segundo informa\u00e7\u00f5es, a colis\u00e3o ocorreu ap\u00f3s o ve\u00edculo Honda Civic LXL, de cor prata, virar para entrar no estacionamento do mercado, quando acabou colidindo contra uma moto Honda [&hellip;]<\/p>\n","protected":false},"author":2,"featured_media":7354,"comment_status":"open","ping_status":"open","sticky":false,"template":"","format":"standard","meta":{"footnotes":""},"categories":[2],"tags":[172],"class_list":["post-8207","post","type-post","status-publish","format-standard","has-post-thumbnail","hentry","category-policial","tag-featured"],"amp_enabled":true,"_links":{"self":[{"href":"https:\/\/radiostudiow.com.br\/site\/wp-json\/wp\/v2\/posts\/8207","targetHints":{"allow":["GET"]}}],"collection":[{"href":"https:\/\/radiostudiow.com.br\/site\/wp-json\/wp\/v2\/posts"}],"about":[{"href":"https:\/\/radiostudiow.com.br\/site\/wp-json\/wp\/v2\/types\/post"}],"author":[{"embeddable":true,"href":"https:\/\/radiostudiow.com.br\/site\/wp-json\/wp\/v2\/users\/2"}],"replies":[{"embeddable":true,"href":"https:\/\/radiostudiow.com.br\/site\/wp-json\/wp\/v2\/comments?post=8207"}],"version-history":[{"count":2,"href":"https:\/\/radiostudiow.com.br\/site\/wp-json\/wp\/v2\/posts\/8207\/revisions"}],"predecessor-version":[{"id":8209,"href":"https:\/\/radiostudiow.com.br\/site\/wp-json\/wp\/v2\/posts\/8207\/revisions\/8209"}],"wp:featuredmedia":[{"embeddable":true,"href":"https:\/\/radiostudiow.com.br\/site\/wp-json\/wp\/v2\/media\/7354"}],"wp:attachment":[{"href":"https:\/\/radiostudiow.com.br\/site\/wp-json\/wp\/v2\/media?parent=8207"}],"wp:term":[{"taxonomy":"category","embeddable":true,"href":"https:\/\/radiostudiow.com.br\/site\/wp-json\/wp\/v2\/categories?post=8207"},{"taxonomy":"post_tag","embeddable":true,"href":"https:\/\/radiostudiow.com.br\/site\/wp-json\/wp\/v2\/tags?post=8207"}],"curies":[{"name":"wp","href":"https:\/\/api.w.org\/{rel}","templated":true}]}}