{"id":8212,"date":"2022-07-18T10:44:39","date_gmt":"2022-07-18T13:44:39","guid":{"rendered":"https:\/\/radiostudiow.com.br\/site\/?p=8212"},"modified":"2025-01-31T15:10:01","modified_gmt":"2025-01-31T18:10:01","slug":"pm-de-mallet-e-acionada-apos-briga-de-casal-em-via-publica","status":"publish","type":"post","link":"https:\/\/radiostudiow.com.br\/site\/2022\/07\/18\/pm-de-mallet-e-acionada-apos-briga-de-casal-em-via-publica\/","title":{"rendered":"PM DE MALLET \u00c9 ACIONADA AP\u00d3S BRIGA DE CASAL EM VIA P\u00daBLICA"},"content":{"rendered":"\n<figure class=\"wp-block-image size-full\"><img decoding=\"async\" src=\"https:\/\/radiostudiow.com.br\/site\/wp-content\/uploads\/2022\/06\/IMOB-SUL.jpg\" alt=\"\" class=\"wp-image-7709\"\/><\/figure>\n\n\n\n<p>A equipe da Pol\u00edcia Militar de Mallet recebeu via Copom para atender uma situa\u00e7\u00e3o de briga de casal na \u00e1rea central da cidade na noite desde domingo (17).<\/p>\n\n\n\n<p>A ocorr\u00eancia que foi registrada por volta das 21:00 horas.<\/p>\n\n\n\n<p>Os policiais se deslocaram at\u00e9 o referido local e fizeram contato com o solicitante, o qual informou \u00e0 equipe que momentos atr\u00e1s um casal estava brigando na via p\u00fablica.<\/p>\n\n\n\n<p>O solicitante n\u00e3o soube informar quem seriam o casal, somente informou que sa\u00edram do local e os dois foi em dire\u00e7\u00e3o do bairro Jardim Em\u00edlia.<\/p>\n\n\n\n<p>Diante do relato, a PM se deslocou em patrulhamento pelas imedia\u00e7\u00f5es, por\u00e9m, o casal n\u00e3o foi localizado.<\/p>\n\n\n\n<p><\/p>\n\n\n\n<figure class=\"wp-block-image size-full\"><img decoding=\"async\" src=\"https:\/\/radiostudiow.com.br\/site\/wp-content\/uploads\/2022\/05\/SEPAC.jpg\" alt=\"\" class=\"wp-image-7600\"\/><\/figure>\n","protected":false},"excerpt":{"rendered":"<p>A equipe da Pol\u00edcia Militar de Mallet recebeu via Copom para atender uma situa\u00e7\u00e3o de briga de casal na \u00e1rea central da cidade na noite desde domingo (17). A ocorr\u00eancia que foi registrada por volta das 21:00 horas. Os policiais se deslocaram at\u00e9 o referido local e fizeram contato com o solicitante, o qual informou [&hellip;]<\/p>\n","protected":false},"author":2,"featured_media":7186,"comment_status":"open","ping_status":"open","sticky":false,"template":"","format":"standard","meta":{"footnotes":""},"categories":[2],"tags":[172],"class_list":["post-8212","post","type-post","status-publish","format-standard","has-post-thumbnail","hentry","category-policial","tag-featured"],"amp_enabled":true,"_links":{"self":[{"href":"https:\/\/radiostudiow.com.br\/site\/wp-json\/wp\/v2\/posts\/8212","targetHints":{"allow":["GET"]}}],"collection":[{"href":"https:\/\/radiostudiow.com.br\/site\/wp-json\/wp\/v2\/posts"}],"about":[{"href":"https:\/\/radiostudiow.com.br\/site\/wp-json\/wp\/v2\/types\/post"}],"author":[{"embeddable":true,"href":"https:\/\/radiostudiow.com.br\/site\/wp-json\/wp\/v2\/users\/2"}],"replies":[{"embeddable":true,"href":"https:\/\/radiostudiow.com.br\/site\/wp-json\/wp\/v2\/comments?post=8212"}],"version-history":[{"count":1,"href":"https:\/\/radiostudiow.com.br\/site\/wp-json\/wp\/v2\/posts\/8212\/revisions"}],"predecessor-version":[{"id":8213,"href":"https:\/\/radiostudiow.com.br\/site\/wp-json\/wp\/v2\/posts\/8212\/revisions\/8213"}],"wp:featuredmedia":[{"embeddable":true,"href":"https:\/\/radiostudiow.com.br\/site\/wp-json\/wp\/v2\/media\/7186"}],"wp:attachment":[{"href":"https:\/\/radiostudiow.com.br\/site\/wp-json\/wp\/v2\/media?parent=8212"}],"wp:term":[{"taxonomy":"category","embeddable":true,"href":"https:\/\/radiostudiow.com.br\/site\/wp-json\/wp\/v2\/categories?post=8212"},{"taxonomy":"post_tag","embeddable":true,"href":"https:\/\/radiostudiow.com.br\/site\/wp-json\/wp\/v2\/tags?post=8212"}],"curies":[{"name":"wp","href":"https:\/\/api.w.org\/{rel}","templated":true}]}}