{"id":8221,"date":"2022-07-19T10:53:26","date_gmt":"2022-07-19T13:53:26","guid":{"rendered":"https:\/\/radiostudiow.com.br\/site\/?p=8221"},"modified":"2025-01-31T15:10:01","modified_gmt":"2025-01-31T18:10:01","slug":"casal-e-preso-por-furto-de-botijao-e-posse-irregular-de-arma-de-fogo-em-irati","status":"publish","type":"post","link":"https:\/\/radiostudiow.com.br\/site\/2022\/07\/19\/casal-e-preso-por-furto-de-botijao-e-posse-irregular-de-arma-de-fogo-em-irati\/","title":{"rendered":"Casal \u00e9 preso por furto de botij\u00e3o e posse irregular de arma de fogo em\u00a0Irati"},"content":{"rendered":"\n<figure class=\"wp-block-image size-full\"><img decoding=\"async\" src=\"https:\/\/radiostudiow.com.br\/site\/wp-content\/uploads\/2022\/06\/vem_ai.jpg\" alt=\"\" class=\"wp-image-7789\"\/><\/figure>\n\n\n\n<p>Na noite deste domingo, 17 de julho, no Centro de Tradi\u00e7\u00f5es Willy Laars, um casal passou pr\u00f3ximo a equipe da Guarda Municipal, que realizava seguran\u00e7a no 32\u00ba Rodeio de Integra\u00e7\u00e3o, carregando um botij\u00e3o de g\u00e1s de 13 quilos. O objeto foi guardado num VW Gol, de cor preta. Posteriormente, um tradicionalista levou ao conhecimento dos agentes que ao desmontar a sua barraca deu por falta de um botij\u00e3o g\u00e1s.<\/p>\n\n\n\n<p>Com a informa\u00e7\u00e3o do furto, os guardas municipais iniciaram as buscas pelo botij\u00e3o na \u00e1rea interna do Centro de Tradi\u00e7\u00f5es, sem \u00eaxito na localiza\u00e7\u00e3o. Quando realizava patrulhamento na Avenida das Torres, os agentes avistaram o VW Gol, cor preta. O condutor atendeu a ordem de parada. Na sequ\u00eancia os ocupantes desembarcaram do ve\u00edculo, foram revistados, mas nada de irregular foi encontrado com o casal, que estava acompanhado de uma crian\u00e7a de 10 anos.<\/p>\n\n\n\n<p>Na revista veicular, os agentes encontraram no interior do carro um botij\u00e3o de g\u00e1s de 13 quilos, duas cadeiras pl\u00e1sticas e alguns brinquedos. No porta luvas havia um rev\u00f3lver, calibre 32, marca Rossi. Com seis muni\u00e7\u00f5es intactas.<\/p>\n\n\n\n<p>Depois de identificados, o homem, de 29 anos e a mulher, de 25 anos, foram presos por porte irregular de arma de fogo e suspeita de furto. Em seguida, realizaram exames de les\u00f5es corporais no Pronto Atendimento Municipal. Logo depois, junto com o ve\u00edculo, os objetos e a arma de fogo, foram apresentados na Delegacia de Pol\u00edcia Civil de Irati.<\/p>\n\n\n\n<p>O Conselho Tutelar foi acionado, ficando respons\u00e1vel pela guarda do sobrinho do casal, de 10 anos, at\u00e9 a chegada dos respons\u00e1veis.<\/p>\n\n\n\n<figure class=\"wp-block-image size-full\"><img decoding=\"async\" src=\"https:\/\/radiostudiow.com.br\/site\/wp-content\/uploads\/2022\/07\/AFUBRE-IRATI.jpg\" alt=\"\" class=\"wp-image-7992\"\/><\/figure>\n","protected":false},"excerpt":{"rendered":"<p>Na noite deste domingo, 17 de julho, no Centro de Tradi\u00e7\u00f5es Willy Laars, um casal passou pr\u00f3ximo a equipe da Guarda Municipal, que realizava seguran\u00e7a no 32\u00ba Rodeio de Integra\u00e7\u00e3o, carregando um botij\u00e3o de g\u00e1s de 13 quilos. O objeto foi guardado num VW Gol, de cor preta. Posteriormente, um tradicionalista levou ao conhecimento dos [&hellip;]<\/p>\n","protected":false},"author":2,"featured_media":8222,"comment_status":"open","ping_status":"open","sticky":false,"template":"","format":"standard","meta":{"footnotes":""},"categories":[2],"tags":[172],"class_list":["post-8221","post","type-post","status-publish","format-standard","has-post-thumbnail","hentry","category-policial","tag-featured"],"amp_enabled":true,"_links":{"self":[{"href":"https:\/\/radiostudiow.com.br\/site\/wp-json\/wp\/v2\/posts\/8221","targetHints":{"allow":["GET"]}}],"collection":[{"href":"https:\/\/radiostudiow.com.br\/site\/wp-json\/wp\/v2\/posts"}],"about":[{"href":"https:\/\/radiostudiow.com.br\/site\/wp-json\/wp\/v2\/types\/post"}],"author":[{"embeddable":true,"href":"https:\/\/radiostudiow.com.br\/site\/wp-json\/wp\/v2\/users\/2"}],"replies":[{"embeddable":true,"href":"https:\/\/radiostudiow.com.br\/site\/wp-json\/wp\/v2\/comments?post=8221"}],"version-history":[{"count":1,"href":"https:\/\/radiostudiow.com.br\/site\/wp-json\/wp\/v2\/posts\/8221\/revisions"}],"predecessor-version":[{"id":8223,"href":"https:\/\/radiostudiow.com.br\/site\/wp-json\/wp\/v2\/posts\/8221\/revisions\/8223"}],"wp:featuredmedia":[{"embeddable":true,"href":"https:\/\/radiostudiow.com.br\/site\/wp-json\/wp\/v2\/media\/8222"}],"wp:attachment":[{"href":"https:\/\/radiostudiow.com.br\/site\/wp-json\/wp\/v2\/media?parent=8221"}],"wp:term":[{"taxonomy":"category","embeddable":true,"href":"https:\/\/radiostudiow.com.br\/site\/wp-json\/wp\/v2\/categories?post=8221"},{"taxonomy":"post_tag","embeddable":true,"href":"https:\/\/radiostudiow.com.br\/site\/wp-json\/wp\/v2\/tags?post=8221"}],"curies":[{"name":"wp","href":"https:\/\/api.w.org\/{rel}","templated":true}]}}