{"id":8227,"date":"2022-07-19T18:18:41","date_gmt":"2022-07-19T21:18:41","guid":{"rendered":"https:\/\/radiostudiow.com.br\/site\/?p=8227"},"modified":"2025-01-31T15:10:01","modified_gmt":"2025-01-31T18:10:01","slug":"nas-ultimas-24-horas-duas-ocorrencias-de-furto-foram-registradas-em-sao-mateus-do-sul","status":"publish","type":"post","link":"https:\/\/radiostudiow.com.br\/site\/2022\/07\/19\/nas-ultimas-24-horas-duas-ocorrencias-de-furto-foram-registradas-em-sao-mateus-do-sul\/","title":{"rendered":"Nas \u00faltimas 24 horas, duas ocorr\u00eancias de furto foram registradas em S\u00e3o Mateus do Sul"},"content":{"rendered":"\n<figure class=\"wp-block-image size-full\"><img decoding=\"async\" src=\"https:\/\/radiostudiow.com.br\/site\/wp-content\/uploads\/2022\/05\/SEPAC.jpg\" alt=\"\" class=\"wp-image-7600\"\/><\/figure>\n\n\n\n<p>O primeiro caso aconteceu na manh\u00e3 de segunda-feira (18), na Avenida Ozy Mendon\u00e7a de Lima. Uma equipe da Pol\u00edcia Militar (PM), foi acionada para atender uma ocorr\u00eancia de furto, ao chegar no estabelecimento, a v\u00edtima relatou que ao chegar em seu com\u00e9rcio, se deparou com uma porta arrombada e deu por falta de alguns objetos, entre eles, um r\u00e1dio na cor vermelha e R$ 50,00 em dinheiro. A v\u00edtima informou a PM que o fato teria ocorrido durante a madrugada. A policia orientou o solicitante, quanto as medidas cab\u00edveis.<\/p>\n\n\n\n<p>A segunda ocorr\u00eancia de furto foi registrada durante a tarde na Rua Agenor Nascimento. Segundo os dados da ocorr\u00eancia, uma equipe da Pol\u00edcia Militar foi acionada, para atender um caso de furto de chamin\u00e9. O solicitante relatou que um homem teria furtado a chamin\u00e9 de sua resid\u00eancia, fugindo sentido Vila Amaral. Diante do exposto, a equipe policial efetuou rondas na regi\u00e3o pra tentar localizar o autor, por\u00e9m sem \u00eaxito. A v\u00edtima foi orientada quanto aos procedimentos a serem tomados.<\/p>\n\n\n\n<figure class=\"wp-block-image size-full\"><img decoding=\"async\" src=\"https:\/\/radiostudiow.com.br\/site\/wp-content\/uploads\/2022\/07\/1200-0k.gif\" alt=\"\" class=\"wp-image-8132\"\/><\/figure>\n","protected":false},"excerpt":{"rendered":"<p>O primeiro caso aconteceu na manh\u00e3 de segunda-feira (18), na Avenida Ozy Mendon\u00e7a de Lima. Uma equipe da Pol\u00edcia Militar (PM), foi acionada para atender uma ocorr\u00eancia de furto, ao chegar no estabelecimento, a v\u00edtima relatou que ao chegar em seu com\u00e9rcio, se deparou com uma porta arrombada e deu por falta de alguns objetos, [&hellip;]<\/p>\n","protected":false},"author":2,"featured_media":0,"comment_status":"open","ping_status":"open","sticky":false,"template":"","format":"standard","meta":{"footnotes":""},"categories":[2],"tags":[172],"class_list":["post-8227","post","type-post","status-publish","format-standard","hentry","category-policial","tag-featured"],"amp_enabled":true,"_links":{"self":[{"href":"https:\/\/radiostudiow.com.br\/site\/wp-json\/wp\/v2\/posts\/8227","targetHints":{"allow":["GET"]}}],"collection":[{"href":"https:\/\/radiostudiow.com.br\/site\/wp-json\/wp\/v2\/posts"}],"about":[{"href":"https:\/\/radiostudiow.com.br\/site\/wp-json\/wp\/v2\/types\/post"}],"author":[{"embeddable":true,"href":"https:\/\/radiostudiow.com.br\/site\/wp-json\/wp\/v2\/users\/2"}],"replies":[{"embeddable":true,"href":"https:\/\/radiostudiow.com.br\/site\/wp-json\/wp\/v2\/comments?post=8227"}],"version-history":[{"count":1,"href":"https:\/\/radiostudiow.com.br\/site\/wp-json\/wp\/v2\/posts\/8227\/revisions"}],"predecessor-version":[{"id":8228,"href":"https:\/\/radiostudiow.com.br\/site\/wp-json\/wp\/v2\/posts\/8227\/revisions\/8228"}],"wp:attachment":[{"href":"https:\/\/radiostudiow.com.br\/site\/wp-json\/wp\/v2\/media?parent=8227"}],"wp:term":[{"taxonomy":"category","embeddable":true,"href":"https:\/\/radiostudiow.com.br\/site\/wp-json\/wp\/v2\/categories?post=8227"},{"taxonomy":"post_tag","embeddable":true,"href":"https:\/\/radiostudiow.com.br\/site\/wp-json\/wp\/v2\/tags?post=8227"}],"curies":[{"name":"wp","href":"https:\/\/api.w.org\/{rel}","templated":true}]}}