{"id":8233,"date":"2022-07-20T10:47:22","date_gmt":"2022-07-20T13:47:22","guid":{"rendered":"https:\/\/radiostudiow.com.br\/site\/?p=8233"},"modified":"2025-01-31T15:10:01","modified_gmt":"2025-01-31T18:10:01","slug":"veiculo-roubado-em-matos-costa-e-recuperado-em-propriedade-rural-de-general-carneiro","status":"publish","type":"post","link":"https:\/\/radiostudiow.com.br\/site\/2022\/07\/20\/veiculo-roubado-em-matos-costa-e-recuperado-em-propriedade-rural-de-general-carneiro\/","title":{"rendered":"Ve\u00edculo roubado em Matos Costa \u00e9 recuperado em propriedade rural de General Carneiro"},"content":{"rendered":"\n<figure class=\"wp-block-image size-full\"><img decoding=\"async\" src=\"https:\/\/radiostudiow.com.br\/site\/wp-content\/uploads\/2022\/06\/NUTRI-MALLET.jpg\" alt=\"\" class=\"wp-image-7772\"\/><\/figure>\n\n\n\n<p>Um ve\u00edculo GM\/Montana Conquest, modelo 2008 de cor prata que havia sido roubado em Matos Costa\/SC no dia 13 de julho, foi recuperado durante essa ter\u00e7a-feira, 19 de julho, em uma propriedade rural de General Carneiro.<\/p>\n\n\n\n<p>Segundo informa\u00e7\u00f5es divulgadas para a imprensa, o ve\u00edculo foi localizado pelo funcion\u00e1rio de uma propriedade no Arroio do Gado, interior de General Carneiro, o qual acionou a Pol\u00edcia repassando a situa\u00e7\u00e3o.<\/p>\n\n\n\n<p>No local, a Pol\u00edcia constatou que o ve\u00edculo estava sem as 04 rodas, o pneu estepe e a bateria. Ainda foi verificado que estava fechado e com as chaves no igni\u00e7\u00e3o, bem como os documentos do propriet\u00e1rio no porta luvas. O ve\u00edculo foi entregue ao seu propriet\u00e1rio.<\/p>\n\n\n\n<figure class=\"wp-block-image size-full\"><img decoding=\"async\" src=\"https:\/\/radiostudiow.com.br\/site\/wp-content\/uploads\/2022\/06\/vem_ai.jpg\" alt=\"\" class=\"wp-image-7789\"\/><\/figure>\n\n\n\n<p><a href=\"javascript:void(0);\"><\/a><\/p>\n","protected":false},"excerpt":{"rendered":"<p>Um ve\u00edculo GM\/Montana Conquest, modelo 2008 de cor prata que havia sido roubado em Matos Costa\/SC no dia 13 de julho, foi recuperado durante essa ter\u00e7a-feira, 19 de julho, em uma propriedade rural de General Carneiro. Segundo informa\u00e7\u00f5es divulgadas para a imprensa, o ve\u00edculo foi localizado pelo funcion\u00e1rio de uma propriedade no Arroio do Gado, [&hellip;]<\/p>\n","protected":false},"author":2,"featured_media":0,"comment_status":"open","ping_status":"open","sticky":false,"template":"","format":"standard","meta":{"footnotes":""},"categories":[2],"tags":[172],"class_list":["post-8233","post","type-post","status-publish","format-standard","hentry","category-policial","tag-featured"],"amp_enabled":true,"_links":{"self":[{"href":"https:\/\/radiostudiow.com.br\/site\/wp-json\/wp\/v2\/posts\/8233","targetHints":{"allow":["GET"]}}],"collection":[{"href":"https:\/\/radiostudiow.com.br\/site\/wp-json\/wp\/v2\/posts"}],"about":[{"href":"https:\/\/radiostudiow.com.br\/site\/wp-json\/wp\/v2\/types\/post"}],"author":[{"embeddable":true,"href":"https:\/\/radiostudiow.com.br\/site\/wp-json\/wp\/v2\/users\/2"}],"replies":[{"embeddable":true,"href":"https:\/\/radiostudiow.com.br\/site\/wp-json\/wp\/v2\/comments?post=8233"}],"version-history":[{"count":1,"href":"https:\/\/radiostudiow.com.br\/site\/wp-json\/wp\/v2\/posts\/8233\/revisions"}],"predecessor-version":[{"id":8235,"href":"https:\/\/radiostudiow.com.br\/site\/wp-json\/wp\/v2\/posts\/8233\/revisions\/8235"}],"wp:attachment":[{"href":"https:\/\/radiostudiow.com.br\/site\/wp-json\/wp\/v2\/media?parent=8233"}],"wp:term":[{"taxonomy":"category","embeddable":true,"href":"https:\/\/radiostudiow.com.br\/site\/wp-json\/wp\/v2\/categories?post=8233"},{"taxonomy":"post_tag","embeddable":true,"href":"https:\/\/radiostudiow.com.br\/site\/wp-json\/wp\/v2\/tags?post=8233"}],"curies":[{"name":"wp","href":"https:\/\/api.w.org\/{rel}","templated":true}]}}