{"id":8239,"date":"2022-07-20T16:07:37","date_gmt":"2022-07-20T19:07:37","guid":{"rendered":"https:\/\/radiostudiow.com.br\/site\/?p=8239"},"modified":"2025-01-31T15:10:01","modified_gmt":"2025-01-31T18:10:01","slug":"acidente-entre-carro-e-caminhao-deixa-um-morto-na-br-153-em-rio-azul","status":"publish","type":"post","link":"https:\/\/radiostudiow.com.br\/site\/2022\/07\/20\/acidente-entre-carro-e-caminhao-deixa-um-morto-na-br-153-em-rio-azul\/","title":{"rendered":"Acidente entre carro e caminh\u00e3o deixa um morto na BR-153 em Rio Azul"},"content":{"rendered":"\n<figure class=\"wp-block-image size-full\"><img decoding=\"async\" src=\"https:\/\/radiostudiow.com.br\/site\/wp-content\/uploads\/2022\/06\/IMOB-SUL.jpg\" alt=\"\" class=\"wp-image-7709\"\/><\/figure>\n\n\n\n<p>A equipes do Corpo de Bombeiros e do SAMU foram mobilizados no atendimento de um grave acidente a rodovia BR-153 na altura do KM 3 em Rio Azul. Registrado por volta das 11:40 horas desta quarta-feira (20).<\/p>\n\n\n\n<p>De acordo com informa\u00e7\u00f5es, o acidente envolveu um ve\u00edculo Fiat\/Palio de cor preta, o qual colidiu frontalmente contra um caminh\u00e3o Mercedes 1113 de cor azul.<\/p>\n\n\n\n<p>Com a forte batida, o motorista do Fiat\/Palio que tinha placas de Rio Azul, n\u00e3o resistiu aos ferimentos e morreu ainda no local. O Instituto M\u00e9dico Legal \u2013 IML de Uni\u00e3o da Vit\u00f3ria foi acionado para recolher o corpo.<\/p>\n\n\n\n<figure class=\"wp-block-image size-full\"><img decoding=\"async\" src=\"https:\/\/radiostudiow.com.br\/site\/wp-content\/uploads\/2022\/07\/1200-0k.gif\" alt=\"\" class=\"wp-image-8132\"\/><\/figure>\n\n\n\n<figure class=\"wp-block-image size-full\"><img decoding=\"async\" src=\"https:\/\/radiostudiow.com.br\/site\/wp-content\/uploads\/2022\/07\/Sem-titulosdfeDDFWERFWEHGHW465654I.jpg\" alt=\"\" class=\"wp-image-8240\"\/><\/figure>\n","protected":false},"excerpt":{"rendered":"<p>A equipes do Corpo de Bombeiros e do SAMU foram mobilizados no atendimento de um grave acidente a rodovia BR-153 na altura do KM 3 em Rio Azul. Registrado por volta das 11:40 horas desta quarta-feira (20). De acordo com informa\u00e7\u00f5es, o acidente envolveu um ve\u00edculo Fiat\/Palio de cor preta, o qual colidiu frontalmente contra [&hellip;]<\/p>\n","protected":false},"author":2,"featured_media":0,"comment_status":"open","ping_status":"open","sticky":false,"template":"","format":"standard","meta":{"footnotes":""},"categories":[2],"tags":[172],"class_list":["post-8239","post","type-post","status-publish","format-standard","hentry","category-policial","tag-featured"],"amp_enabled":true,"_links":{"self":[{"href":"https:\/\/radiostudiow.com.br\/site\/wp-json\/wp\/v2\/posts\/8239","targetHints":{"allow":["GET"]}}],"collection":[{"href":"https:\/\/radiostudiow.com.br\/site\/wp-json\/wp\/v2\/posts"}],"about":[{"href":"https:\/\/radiostudiow.com.br\/site\/wp-json\/wp\/v2\/types\/post"}],"author":[{"embeddable":true,"href":"https:\/\/radiostudiow.com.br\/site\/wp-json\/wp\/v2\/users\/2"}],"replies":[{"embeddable":true,"href":"https:\/\/radiostudiow.com.br\/site\/wp-json\/wp\/v2\/comments?post=8239"}],"version-history":[{"count":1,"href":"https:\/\/radiostudiow.com.br\/site\/wp-json\/wp\/v2\/posts\/8239\/revisions"}],"predecessor-version":[{"id":8242,"href":"https:\/\/radiostudiow.com.br\/site\/wp-json\/wp\/v2\/posts\/8239\/revisions\/8242"}],"wp:attachment":[{"href":"https:\/\/radiostudiow.com.br\/site\/wp-json\/wp\/v2\/media?parent=8239"}],"wp:term":[{"taxonomy":"category","embeddable":true,"href":"https:\/\/radiostudiow.com.br\/site\/wp-json\/wp\/v2\/categories?post=8239"},{"taxonomy":"post_tag","embeddable":true,"href":"https:\/\/radiostudiow.com.br\/site\/wp-json\/wp\/v2\/tags?post=8239"}],"curies":[{"name":"wp","href":"https:\/\/api.w.org\/{rel}","templated":true}]}}