{"id":8244,"date":"2022-07-21T10:06:53","date_gmt":"2022-07-21T13:06:53","guid":{"rendered":"https:\/\/radiostudiow.com.br\/site\/?p=8244"},"modified":"2025-01-31T15:10:00","modified_gmt":"2025-01-31T18:10:00","slug":"morador-de-rio-azul-morre-em-colisao-frontal","status":"publish","type":"post","link":"https:\/\/radiostudiow.com.br\/site\/2022\/07\/21\/morador-de-rio-azul-morre-em-colisao-frontal\/","title":{"rendered":"Homem morre ap\u00f3s colidir carro em caminh\u00e3o na BR-153"},"content":{"rendered":"\n<figure class=\"wp-block-image size-full\"><img decoding=\"async\" src=\"https:\/\/radiostudiow.com.br\/site\/wp-content\/uploads\/2022\/06\/NUTRI-MALLET.jpg\" alt=\"\" class=\"wp-image-7772\"\/><\/figure>\n\n\n\n<p>No final da manh\u00e3 desta quarta-feira, 20 de julho, um grave <strong><a href=\"http:\/\/www.radiostudiow.com.br\/?fbclid=IwAR1dNDj9zXN3Y2npYNtvxEM44VEOZ23qwVOk9QLbRK4fOcXVfbyWdOaO-yc\" data-type=\"URL\" data-id=\"http:\/\/www.radiostudiow.com.br\/?fbclid=IwAR1dNDj9zXN3Y2npYNtvxEM44VEOZ23qwVOk9QLbRK4fOcXVfbyWdOaO-yc\">acidente entre carro e caminh\u00e3o na BR-153 em Rio Azul<\/a><\/strong> tirou a vida de Darci da Luz, de 64 anos.<\/p>\n\n\n\n<p>O acidente aconteceu por volta das 11:50 horas no km 368, Darci conduzia um Palio, que colidiu de frente com um caminh\u00e3o.<\/p>\n\n\n\n<p>De acordo com a Pol\u00edcia Rodovi\u00e1ria Federal, o motorista do caminh\u00e3o placa de Mallet, um homem de 48 anos, saiu ileso do acidente.<\/p>\n\n\n\n<p>Equipes do Corpo de Bombeiros e SAMU prestaram atendimento no local. O corpo da v\u00edtima foi encaminhado ao IML.<\/p>\n\n\n\n<figure class=\"wp-block-gallery has-nested-images columns-default is-cropped wp-block-gallery-1 is-layout-flex wp-block-gallery-is-layout-flex\">\n<figure class=\"wp-block-image size-large\"><img decoding=\"async\" data-id=\"8240\" src=\"https:\/\/radiostudiow.com.br\/site\/wp-content\/uploads\/2022\/07\/Sem-titulosdfeDDFWERFWEHGHW465654I.jpg\" alt=\"\" class=\"wp-image-8240\"\/><\/figure>\n<\/figure>\n\n\n\n<figure class=\"wp-block-image size-full\"><img decoding=\"async\" src=\"https:\/\/radiostudiow.com.br\/site\/wp-content\/uploads\/2022\/06\/vem_ai.jpg\" alt=\"\" class=\"wp-image-7789\"\/><\/figure>\n\n\n\n<figure class=\"wp-block-image size-large\"><img decoding=\"async\" src=\"https:\/\/radiostudiow.com.br\/site\/wp-content\/uploads\/2022\/07\/WhatsApp-Image-2022-07-20-at-21.56.41_Easy-Resize.com_-1024x685.jpg\" alt=\"\" class=\"wp-image-8245\"\/><\/figure>\n","protected":false},"excerpt":{"rendered":"<p>No final da manh\u00e3 desta quarta-feira, 20 de julho, um grave acidente entre carro e caminh\u00e3o na BR-153 em Rio Azul tirou a vida de Darci da Luz, de 64 anos. O acidente aconteceu por volta das 11:50 horas no km 368, Darci conduzia um Palio, que colidiu de frente com um caminh\u00e3o. De acordo [&hellip;]<\/p>\n","protected":false},"author":2,"featured_media":0,"comment_status":"open","ping_status":"open","sticky":false,"template":"","format":"standard","meta":{"footnotes":""},"categories":[2],"tags":[172],"class_list":["post-8244","post","type-post","status-publish","format-standard","hentry","category-policial","tag-featured"],"amp_enabled":true,"_links":{"self":[{"href":"https:\/\/radiostudiow.com.br\/site\/wp-json\/wp\/v2\/posts\/8244","targetHints":{"allow":["GET"]}}],"collection":[{"href":"https:\/\/radiostudiow.com.br\/site\/wp-json\/wp\/v2\/posts"}],"about":[{"href":"https:\/\/radiostudiow.com.br\/site\/wp-json\/wp\/v2\/types\/post"}],"author":[{"embeddable":true,"href":"https:\/\/radiostudiow.com.br\/site\/wp-json\/wp\/v2\/users\/2"}],"replies":[{"embeddable":true,"href":"https:\/\/radiostudiow.com.br\/site\/wp-json\/wp\/v2\/comments?post=8244"}],"version-history":[{"count":3,"href":"https:\/\/radiostudiow.com.br\/site\/wp-json\/wp\/v2\/posts\/8244\/revisions"}],"predecessor-version":[{"id":8256,"href":"https:\/\/radiostudiow.com.br\/site\/wp-json\/wp\/v2\/posts\/8244\/revisions\/8256"}],"wp:attachment":[{"href":"https:\/\/radiostudiow.com.br\/site\/wp-json\/wp\/v2\/media?parent=8244"}],"wp:term":[{"taxonomy":"category","embeddable":true,"href":"https:\/\/radiostudiow.com.br\/site\/wp-json\/wp\/v2\/categories?post=8244"},{"taxonomy":"post_tag","embeddable":true,"href":"https:\/\/radiostudiow.com.br\/site\/wp-json\/wp\/v2\/tags?post=8244"}],"curies":[{"name":"wp","href":"https:\/\/api.w.org\/{rel}","templated":true}]}}