{"id":8279,"date":"2022-07-22T10:40:32","date_gmt":"2022-07-22T13:40:32","guid":{"rendered":"https:\/\/radiostudiow.com.br\/site\/?p=8279"},"modified":"2025-01-31T15:10:00","modified_gmt":"2025-01-31T18:10:00","slug":"homem-morre-apos-ser-atropelado-na-br-476-em-sao-mateus-do-sul","status":"publish","type":"post","link":"https:\/\/radiostudiow.com.br\/site\/2022\/07\/22\/homem-morre-apos-ser-atropelado-na-br-476-em-sao-mateus-do-sul\/","title":{"rendered":"Homem morre ap\u00f3s ser atropelado na BR-476 em S\u00e3o Mateus do Sul"},"content":{"rendered":"\n<figure class=\"wp-block-image size-full\"><img decoding=\"async\" src=\"https:\/\/radiostudiow.com.br\/site\/wp-content\/uploads\/2022\/06\/vem_ai.jpg\" alt=\"\" class=\"wp-image-7789\"\/><\/figure>\n\n\n\n<p>Um homem que morreu&nbsp;ap\u00f3s ser atropelado por volta de 21:45 horas desta quinta-feira, 21 de julho,&nbsp;na BR-476, Km 283, pr\u00f3ximo a entrada da localidade do Emboque em S\u00e3o Mateus do Sul.<\/p>\n\n\n\n<p>Luc\u00eddio Sales Lemos 67 anos, morador do Emboque foi encontrado ca\u00eddo no meio da pista. A equipe do Corpo de Bombeiros confirmou o \u00f3bito ao chegar no local da ocorr\u00eancia.<\/p>\n\n\n\n<p>A Pol\u00edcia Rodovi\u00e1ria Federal (PRF) tamb\u00e9m atendeu a ocorr\u00eancia e o Instituto M\u00e9dico Legal de Uni\u00e3o da Vit\u00f3ria foi acionado para recolher o corpo.<\/p>\n\n\n\n<figure class=\"wp-block-image size-full\"><img decoding=\"async\" src=\"https:\/\/radiostudiow.com.br\/site\/wp-content\/uploads\/2022\/06\/NUTRI-MALLET.jpg\" alt=\"\" class=\"wp-image-7772\"\/><\/figure>\n","protected":false},"excerpt":{"rendered":"<p>Um homem que morreu&nbsp;ap\u00f3s ser atropelado por volta de 21:45 horas desta quinta-feira, 21 de julho,&nbsp;na BR-476, Km 283, pr\u00f3ximo a entrada da localidade do Emboque em S\u00e3o Mateus do Sul. Luc\u00eddio Sales Lemos 67 anos, morador do Emboque foi encontrado ca\u00eddo no meio da pista. A equipe do Corpo de Bombeiros confirmou o \u00f3bito [&hellip;]<\/p>\n","protected":false},"author":2,"featured_media":7526,"comment_status":"open","ping_status":"open","sticky":false,"template":"","format":"standard","meta":{"footnotes":""},"categories":[2],"tags":[172],"class_list":["post-8279","post","type-post","status-publish","format-standard","has-post-thumbnail","hentry","category-policial","tag-featured"],"amp_enabled":true,"_links":{"self":[{"href":"https:\/\/radiostudiow.com.br\/site\/wp-json\/wp\/v2\/posts\/8279","targetHints":{"allow":["GET"]}}],"collection":[{"href":"https:\/\/radiostudiow.com.br\/site\/wp-json\/wp\/v2\/posts"}],"about":[{"href":"https:\/\/radiostudiow.com.br\/site\/wp-json\/wp\/v2\/types\/post"}],"author":[{"embeddable":true,"href":"https:\/\/radiostudiow.com.br\/site\/wp-json\/wp\/v2\/users\/2"}],"replies":[{"embeddable":true,"href":"https:\/\/radiostudiow.com.br\/site\/wp-json\/wp\/v2\/comments?post=8279"}],"version-history":[{"count":2,"href":"https:\/\/radiostudiow.com.br\/site\/wp-json\/wp\/v2\/posts\/8279\/revisions"}],"predecessor-version":[{"id":8285,"href":"https:\/\/radiostudiow.com.br\/site\/wp-json\/wp\/v2\/posts\/8279\/revisions\/8285"}],"wp:featuredmedia":[{"embeddable":true,"href":"https:\/\/radiostudiow.com.br\/site\/wp-json\/wp\/v2\/media\/7526"}],"wp:attachment":[{"href":"https:\/\/radiostudiow.com.br\/site\/wp-json\/wp\/v2\/media?parent=8279"}],"wp:term":[{"taxonomy":"category","embeddable":true,"href":"https:\/\/radiostudiow.com.br\/site\/wp-json\/wp\/v2\/categories?post=8279"},{"taxonomy":"post_tag","embeddable":true,"href":"https:\/\/radiostudiow.com.br\/site\/wp-json\/wp\/v2\/tags?post=8279"}],"curies":[{"name":"wp","href":"https:\/\/api.w.org\/{rel}","templated":true}]}}