{"id":8287,"date":"2022-07-22T16:15:52","date_gmt":"2022-07-22T19:15:52","guid":{"rendered":"https:\/\/radiostudiow.com.br\/site\/?p=8287"},"modified":"2025-01-31T15:10:00","modified_gmt":"2025-01-31T18:10:00","slug":"pm-de-cruz-machado-apreende-motocicleta-com-debitos-conduzida-por-homem-sem-cnh","status":"publish","type":"post","link":"https:\/\/radiostudiow.com.br\/site\/2022\/07\/22\/pm-de-cruz-machado-apreende-motocicleta-com-debitos-conduzida-por-homem-sem-cnh\/","title":{"rendered":"PM de Cruz Machado apreende motocicleta com d\u00e9bitos conduzida por homem sem CNH"},"content":{"rendered":"\n<figure class=\"wp-block-image size-full\"><img decoding=\"async\" src=\"https:\/\/radiostudiow.com.br\/site\/wp-content\/uploads\/2022\/04\/SEPAC.jpg\" alt=\"\" class=\"wp-image-7113\"\/><\/figure>\n\n\n\n<p>A equipe da Pol\u00edcia Militar de Cruz Machado registrou uma situa\u00e7\u00e3o de Infra\u00e7\u00e3o de Tr\u00e2nsito por volta das 16:00 horas desta quarta \u2013 feira (20).<\/p>\n\n\n\n<p>Diante dos fatos o mesmo foi conduzido at\u00e9 ao Pelot\u00e3o da PM para confec\u00e7\u00e3o do Boletim de Ocorr\u00eancia.<\/p>\n\n\n\n<p>Os policiais estavam em patrulhamento quando avistaram um homem em atitude suspeita conduzindo uma motocicleta, ap\u00f3s realizar a abordagem e o condutor identificado, foi constatado em consulta via sistema que o mesmo n\u00e3o possu\u00ed CNH.<\/p>\n\n\n\n<p>A motocicleta que possu\u00ed d\u00e9bitos na documenta\u00e7\u00e3o e estava com o lacre da placa rompido foi recolhida ao p\u00e1tio do PPM.<\/p>\n\n\n\n<p><\/p>\n\n\n\n<figure class=\"wp-block-image size-full\"><img decoding=\"async\" src=\"https:\/\/radiostudiow.com.br\/site\/wp-content\/uploads\/2022\/07\/QUERO.QUERO_.jpg\" alt=\"\" class=\"wp-image-8289\"\/><\/figure>\n","protected":false},"excerpt":{"rendered":"<p>A equipe da Pol\u00edcia Militar de Cruz Machado registrou uma situa\u00e7\u00e3o de Infra\u00e7\u00e3o de Tr\u00e2nsito por volta das 16:00 horas desta quarta \u2013 feira (20). Diante dos fatos o mesmo foi conduzido at\u00e9 ao Pelot\u00e3o da PM para confec\u00e7\u00e3o do Boletim de Ocorr\u00eancia. Os policiais estavam em patrulhamento quando avistaram um homem em atitude suspeita [&hellip;]<\/p>\n","protected":false},"author":2,"featured_media":7607,"comment_status":"open","ping_status":"open","sticky":false,"template":"","format":"standard","meta":{"footnotes":""},"categories":[2],"tags":[172],"class_list":["post-8287","post","type-post","status-publish","format-standard","has-post-thumbnail","hentry","category-policial","tag-featured"],"amp_enabled":true,"_links":{"self":[{"href":"https:\/\/radiostudiow.com.br\/site\/wp-json\/wp\/v2\/posts\/8287","targetHints":{"allow":["GET"]}}],"collection":[{"href":"https:\/\/radiostudiow.com.br\/site\/wp-json\/wp\/v2\/posts"}],"about":[{"href":"https:\/\/radiostudiow.com.br\/site\/wp-json\/wp\/v2\/types\/post"}],"author":[{"embeddable":true,"href":"https:\/\/radiostudiow.com.br\/site\/wp-json\/wp\/v2\/users\/2"}],"replies":[{"embeddable":true,"href":"https:\/\/radiostudiow.com.br\/site\/wp-json\/wp\/v2\/comments?post=8287"}],"version-history":[{"count":2,"href":"https:\/\/radiostudiow.com.br\/site\/wp-json\/wp\/v2\/posts\/8287\/revisions"}],"predecessor-version":[{"id":8296,"href":"https:\/\/radiostudiow.com.br\/site\/wp-json\/wp\/v2\/posts\/8287\/revisions\/8296"}],"wp:featuredmedia":[{"embeddable":true,"href":"https:\/\/radiostudiow.com.br\/site\/wp-json\/wp\/v2\/media\/7607"}],"wp:attachment":[{"href":"https:\/\/radiostudiow.com.br\/site\/wp-json\/wp\/v2\/media?parent=8287"}],"wp:term":[{"taxonomy":"category","embeddable":true,"href":"https:\/\/radiostudiow.com.br\/site\/wp-json\/wp\/v2\/categories?post=8287"},{"taxonomy":"post_tag","embeddable":true,"href":"https:\/\/radiostudiow.com.br\/site\/wp-json\/wp\/v2\/tags?post=8287"}],"curies":[{"name":"wp","href":"https:\/\/api.w.org\/{rel}","templated":true}]}}