{"id":8291,"date":"2022-07-22T17:02:58","date_gmt":"2022-07-22T20:02:58","guid":{"rendered":"https:\/\/radiostudiow.com.br\/site\/?p=8291"},"modified":"2025-01-31T15:10:00","modified_gmt":"2025-01-31T18:10:00","slug":"policia-civil-e-militar-cumprem-mandados-em-mallet-e-paulo-frontin","status":"publish","type":"post","link":"https:\/\/radiostudiow.com.br\/site\/2022\/07\/22\/policia-civil-e-militar-cumprem-mandados-em-mallet-e-paulo-frontin\/","title":{"rendered":"Pol\u00edcia Civil e Militar cumprem mandados em Mallet e Paulo Frontin"},"content":{"rendered":"\n<figure class=\"wp-block-image size-full\"><img decoding=\"async\" src=\"https:\/\/radiostudiow.com.br\/site\/wp-content\/uploads\/2022\/07\/IMOB-SUL.jpg\" alt=\"\" class=\"wp-image-8292\"\/><\/figure>\n\n\n\n<p>Opera\u00e7\u00e3o de Cumprimento de Mandados das equipes da Pol\u00edcia Civil de Mallet e do 27\u00ba Batalh\u00e3o da Pol\u00edcia Militar de Paulo Frontin resultou na pris\u00e3o de tr\u00eas homens durante essa sexta-feira (22).<\/p>\n\n\n\n<p>De acordo com informa\u00e7\u00f5es policiais, a a\u00e7\u00e3o ocorreu em duas casas da \u00e1rea central, uma casa no interior de Paulo Frontin e uma casa na \u00e1rea rural na cidade de Mallet.<\/p>\n\n\n\n<p>As a\u00e7\u00f5es tinham o intuito de apreender animais abatidos ilegalmente em ca\u00e7as, armas de fogo, acess\u00f3rios e muni\u00e7\u00f5es. Foram apreendidas 01 espingarda BOITO CAL. 36; 01 Espingarda ROSSI Cal.28; 01 Mosquet\u00e3o IMBEL CAL. 28; 01 Espingarda de press\u00e3o 4.5mm; 10 espoletas para recarga de cartuchos; 28 muni\u00e7\u00e3o diversos calibres; 02 carregador 22 cbc; Carne de animais silvestres; 02 radio comunicadores e 01 recipiente contendo p\u00f3lvora.<\/p>\n\n\n\n<figure class=\"wp-block-image size-full\"><img decoding=\"async\" src=\"https:\/\/radiostudiow.com.br\/site\/wp-content\/uploads\/2022\/07\/1200-0k.gif\" alt=\"\" class=\"wp-image-8132\"\/><\/figure>\n","protected":false},"excerpt":{"rendered":"<p>Opera\u00e7\u00e3o de Cumprimento de Mandados das equipes da Pol\u00edcia Civil de Mallet e do 27\u00ba Batalh\u00e3o da Pol\u00edcia Militar de Paulo Frontin resultou na pris\u00e3o de tr\u00eas homens durante essa sexta-feira (22). De acordo com informa\u00e7\u00f5es policiais, a a\u00e7\u00e3o ocorreu em duas casas da \u00e1rea central, uma casa no interior de Paulo Frontin e uma [&hellip;]<\/p>\n","protected":false},"author":2,"featured_media":0,"comment_status":"open","ping_status":"open","sticky":false,"template":"","format":"standard","meta":{"footnotes":""},"categories":[2],"tags":[172],"class_list":["post-8291","post","type-post","status-publish","format-standard","hentry","category-policial","tag-featured"],"amp_enabled":true,"_links":{"self":[{"href":"https:\/\/radiostudiow.com.br\/site\/wp-json\/wp\/v2\/posts\/8291","targetHints":{"allow":["GET"]}}],"collection":[{"href":"https:\/\/radiostudiow.com.br\/site\/wp-json\/wp\/v2\/posts"}],"about":[{"href":"https:\/\/radiostudiow.com.br\/site\/wp-json\/wp\/v2\/types\/post"}],"author":[{"embeddable":true,"href":"https:\/\/radiostudiow.com.br\/site\/wp-json\/wp\/v2\/users\/2"}],"replies":[{"embeddable":true,"href":"https:\/\/radiostudiow.com.br\/site\/wp-json\/wp\/v2\/comments?post=8291"}],"version-history":[{"count":1,"href":"https:\/\/radiostudiow.com.br\/site\/wp-json\/wp\/v2\/posts\/8291\/revisions"}],"predecessor-version":[{"id":8294,"href":"https:\/\/radiostudiow.com.br\/site\/wp-json\/wp\/v2\/posts\/8291\/revisions\/8294"}],"wp:attachment":[{"href":"https:\/\/radiostudiow.com.br\/site\/wp-json\/wp\/v2\/media?parent=8291"}],"wp:term":[{"taxonomy":"category","embeddable":true,"href":"https:\/\/radiostudiow.com.br\/site\/wp-json\/wp\/v2\/categories?post=8291"},{"taxonomy":"post_tag","embeddable":true,"href":"https:\/\/radiostudiow.com.br\/site\/wp-json\/wp\/v2\/tags?post=8291"}],"curies":[{"name":"wp","href":"https:\/\/api.w.org\/{rel}","templated":true}]}}