{"id":846,"date":"2021-03-06T12:56:25","date_gmt":"2021-03-06T15:56:25","guid":{"rendered":"https:\/\/radiostudiow.com.br\/site\/?p=846"},"modified":"2025-01-31T15:12:34","modified_gmt":"2025-01-31T18:12:34","slug":"pessoas-destroem-cabos-da-repetidora-de-tv-na-serra-do-tigre-em-mallet","status":"publish","type":"post","link":"https:\/\/radiostudiow.com.br\/site\/2021\/03\/06\/pessoas-destroem-cabos-da-repetidora-de-tv-na-serra-do-tigre-em-mallet\/","title":{"rendered":"PESSOAS DESTROEM CABOS DA REPETIDORA DE TV NA SERRA DO TIGRE EM MALLET"},"content":{"rendered":"\n<p>Essa semana a popula\u00e7\u00e3o malletense que acompanha as not\u00edcias do estado atrav\u00e9s da RPC, filiada da tv Globo de Curitiba, ficaram sem o sinal de transmiss\u00e3o que \u00e9 gerada atrav\u00e9s de equipamentos instalados na localidade da Serra do Tigre em Mallet.<\/p>\n\n\n\n<p>De acordo com a Secretaria de Administra\u00e7\u00e3o que \u00e9 respons\u00e1vel pela contrata\u00e7\u00e3o de empresa especializada para a manuten\u00e7\u00e3o da torre, v\u00e2ndalos ou pessoas criminosas que simplesmente querem prejudicar as pessoas mais simples que n\u00e3o possuem outras alternativas de divertimento ou meio de comunica\u00e7\u00e3o para receber not\u00edcias e imagens do estado atrav\u00e9s de uma antena de tv de forma gratuita, cortaram os cabos que alimentam o processador e emitem o sinal para toda a cidade.<\/p>\n\n\n\n<figure class=\"wp-block-image size-large\"><img decoding=\"async\" src=\"https:\/\/radiostudiow.com.br\/site\/wp-content\/uploads\/2021\/02\/WRNET-1.jpg\" alt=\"\" class=\"wp-image-683\"\/><\/figure>\n\n\n\n<p>Segundo Cleber Engroff, secret\u00e1rio de Administra\u00e7\u00e3o do munic\u00edpio, a dificuldade nesse momento \u00e9 justamente a contrata\u00e7\u00e3o de profissionais capacitados para a realiza\u00e7\u00e3o do servi\u00e7o, pois o processo de licita\u00e7\u00e3o que segue a obrigatoriedade da lei, est\u00e1 em andamento, ent\u00e3o foi realizado um servi\u00e7o de &#8220;solda manual&#8221;, possibilitando o retorno das imagens para que os canais n\u00e3o fiquem fora do ar. &#8220;Conseguimos realizar a emenda de forma segura para que n\u00e3o comprometa nenhum equipamento, assim a nossa popula\u00e7\u00e3o n\u00e3o ficar\u00e1 sem a retransmiss\u00e3o do sinal da tv Globo estadual em nossa cidade&#8221;, destacou Cleber a Studio W.<\/p>\n\n\n\n<p>A prefeitura de Mallet informou que realizou essa semana a instala\u00e7\u00e3o de c\u00e2meras de vigil\u00e2ncia para ajudar na identifica\u00e7\u00e3o de pessoas que possam a vir novamente danificar os cabos e equipamentos da repetidora de tv aberta no munic\u00edpio.<\/p>\n\n\n\n<figure class=\"wp-block-image size-large\"><img decoding=\"async\" src=\"https:\/\/radiostudiow.com.br\/site\/wp-content\/uploads\/2021\/03\/158195592_3886948981363678_1041981116367187203_n.jpg\" alt=\"\" class=\"wp-image-848\"\/><\/figure>\n\n\n\n<figure class=\"wp-block-image size-large\"><img decoding=\"async\" src=\"https:\/\/radiostudiow.com.br\/site\/wp-content\/uploads\/2021\/02\/SICREDI.jpg\" alt=\"\" class=\"wp-image-682\"\/><\/figure>\n\n\n\n<p><em>Reda\u00e7\u00e3o: Equipe Studio W<\/em><\/p>\n\n\n\n<p><em>Os coment\u00e1rios s\u00e3o de responsabilidade exclusiva de seus autores e n\u00e3o representam a opini\u00e3o deste site.<\/em><\/p>\n","protected":false},"excerpt":{"rendered":"<p>Essa semana a popula\u00e7\u00e3o malletense que acompanha as not\u00edcias do estado atrav\u00e9s da RPC, filiada da tv Globo de Curitiba, ficaram sem o sinal de transmiss\u00e3o que \u00e9 gerada atrav\u00e9s de equipamentos instalados na localidade da Serra do Tigre em Mallet. De acordo com a Secretaria de Administra\u00e7\u00e3o que \u00e9 respons\u00e1vel pela contrata\u00e7\u00e3o de empresa [&hellip;]<\/p>\n","protected":false},"author":2,"featured_media":0,"comment_status":"open","ping_status":"open","sticky":false,"template":"","format":"standard","meta":{"footnotes":""},"categories":[2],"tags":[172],"class_list":["post-846","post","type-post","status-publish","format-standard","hentry","category-policial","tag-featured"],"amp_enabled":true,"_links":{"self":[{"href":"https:\/\/radiostudiow.com.br\/site\/wp-json\/wp\/v2\/posts\/846","targetHints":{"allow":["GET"]}}],"collection":[{"href":"https:\/\/radiostudiow.com.br\/site\/wp-json\/wp\/v2\/posts"}],"about":[{"href":"https:\/\/radiostudiow.com.br\/site\/wp-json\/wp\/v2\/types\/post"}],"author":[{"embeddable":true,"href":"https:\/\/radiostudiow.com.br\/site\/wp-json\/wp\/v2\/users\/2"}],"replies":[{"embeddable":true,"href":"https:\/\/radiostudiow.com.br\/site\/wp-json\/wp\/v2\/comments?post=846"}],"version-history":[{"count":1,"href":"https:\/\/radiostudiow.com.br\/site\/wp-json\/wp\/v2\/posts\/846\/revisions"}],"predecessor-version":[{"id":849,"href":"https:\/\/radiostudiow.com.br\/site\/wp-json\/wp\/v2\/posts\/846\/revisions\/849"}],"wp:attachment":[{"href":"https:\/\/radiostudiow.com.br\/site\/wp-json\/wp\/v2\/media?parent=846"}],"wp:term":[{"taxonomy":"category","embeddable":true,"href":"https:\/\/radiostudiow.com.br\/site\/wp-json\/wp\/v2\/categories?post=846"},{"taxonomy":"post_tag","embeddable":true,"href":"https:\/\/radiostudiow.com.br\/site\/wp-json\/wp\/v2\/tags?post=846"}],"curies":[{"name":"wp","href":"https:\/\/api.w.org\/{rel}","templated":true}]}}