{"id":8486,"date":"2022-08-10T11:50:12","date_gmt":"2022-08-10T14:50:12","guid":{"rendered":"https:\/\/radiostudiow.com.br\/site\/?p=8486"},"modified":"2025-01-31T15:09:58","modified_gmt":"2025-01-31T18:09:58","slug":"mulher-tem-bolsa-roubada-em-sao-mateus-do-sul-autor-fazia-mencao-de-estar-armado","status":"publish","type":"post","link":"https:\/\/radiostudiow.com.br\/site\/2022\/08\/10\/mulher-tem-bolsa-roubada-em-sao-mateus-do-sul-autor-fazia-mencao-de-estar-armado\/","title":{"rendered":"Mulher tem bolsa roubada em S\u00e3o Mateus do Sul. Autor fazia men\u00e7\u00e3o de estar armado"},"content":{"rendered":"\n<figure class=\"wp-block-image size-full\"><img decoding=\"async\" src=\"https:\/\/radiostudiow.com.br\/site\/wp-content\/uploads\/2022\/06\/NUTRI-MALLET.jpg\" alt=\"\" class=\"wp-image-7772\"\/><\/figure>\n\n\n\n<p>A Pol\u00edcia Militar foi acionada para uma ocorr\u00eancia de roubo em que o homem fazia men\u00e7\u00e3o de estar armado, por volta 18:30 horas dessa ter\u00e7a-feira, 09 de agosto, em S\u00e3o Mateus do Sul.<\/p>\n\n\n\n<p>De acordo com a solicitante, um homem estava em uma bicicleta com uma camiseta vermelha na cabe\u00e7a encobrindo o rosto. O autor levou a bolsa da v\u00edtima, a qual estava com o celular, a carteira com todos os documentos e cerca de R$ 400 (Quatrocentos reais), em seguida fugiu do local.<\/p>\n\n\n\n<p>Uma testemunha informou aos policiais que o autor do roubo estava com uma cal\u00e7a azul, jaqueta azul, bon\u00e9 marrom, e uma tatuagem no pesco\u00e7o vermelha.<\/p>\n\n\n\n<p>Foi realizado patrulhamento nas imedia\u00e7\u00f5es, por\u00e9m nenhum suspeito foi localizado, foram repassadas as orienta\u00e7\u00f5es a vitima.<\/p>\n\n\n\n<figure class=\"wp-block-image size-full\"><img decoding=\"async\" src=\"https:\/\/radiostudiow.com.br\/site\/wp-content\/uploads\/2022\/05\/SEPAC.jpg\" alt=\"\" class=\"wp-image-7600\"\/><\/figure>\n","protected":false},"excerpt":{"rendered":"<p>A Pol\u00edcia Militar foi acionada para uma ocorr\u00eancia de roubo em que o homem fazia men\u00e7\u00e3o de estar armado, por volta 18:30 horas dessa ter\u00e7a-feira, 09 de agosto, em S\u00e3o Mateus do Sul. De acordo com a solicitante, um homem estava em uma bicicleta com uma camiseta vermelha na cabe\u00e7a encobrindo o rosto. O autor [&hellip;]<\/p>\n","protected":false},"author":2,"featured_media":7607,"comment_status":"open","ping_status":"open","sticky":false,"template":"","format":"standard","meta":{"footnotes":""},"categories":[2],"tags":[172],"class_list":["post-8486","post","type-post","status-publish","format-standard","has-post-thumbnail","hentry","category-policial","tag-featured"],"amp_enabled":true,"_links":{"self":[{"href":"https:\/\/radiostudiow.com.br\/site\/wp-json\/wp\/v2\/posts\/8486","targetHints":{"allow":["GET"]}}],"collection":[{"href":"https:\/\/radiostudiow.com.br\/site\/wp-json\/wp\/v2\/posts"}],"about":[{"href":"https:\/\/radiostudiow.com.br\/site\/wp-json\/wp\/v2\/types\/post"}],"author":[{"embeddable":true,"href":"https:\/\/radiostudiow.com.br\/site\/wp-json\/wp\/v2\/users\/2"}],"replies":[{"embeddable":true,"href":"https:\/\/radiostudiow.com.br\/site\/wp-json\/wp\/v2\/comments?post=8486"}],"version-history":[{"count":1,"href":"https:\/\/radiostudiow.com.br\/site\/wp-json\/wp\/v2\/posts\/8486\/revisions"}],"predecessor-version":[{"id":8487,"href":"https:\/\/radiostudiow.com.br\/site\/wp-json\/wp\/v2\/posts\/8486\/revisions\/8487"}],"wp:featuredmedia":[{"embeddable":true,"href":"https:\/\/radiostudiow.com.br\/site\/wp-json\/wp\/v2\/media\/7607"}],"wp:attachment":[{"href":"https:\/\/radiostudiow.com.br\/site\/wp-json\/wp\/v2\/media?parent=8486"}],"wp:term":[{"taxonomy":"category","embeddable":true,"href":"https:\/\/radiostudiow.com.br\/site\/wp-json\/wp\/v2\/categories?post=8486"},{"taxonomy":"post_tag","embeddable":true,"href":"https:\/\/radiostudiow.com.br\/site\/wp-json\/wp\/v2\/tags?post=8486"}],"curies":[{"name":"wp","href":"https:\/\/api.w.org\/{rel}","templated":true}]}}