{"id":8490,"date":"2022-08-10T12:00:03","date_gmt":"2022-08-10T15:00:03","guid":{"rendered":"https:\/\/radiostudiow.com.br\/site\/?p=8490"},"modified":"2025-01-31T15:09:58","modified_gmt":"2025-01-31T18:09:58","slug":"alunos-do-projeto-aprendem-sobre-a-cultura-do-morango-em-mallet","status":"publish","type":"post","link":"https:\/\/radiostudiow.com.br\/site\/2022\/08\/10\/alunos-do-projeto-aprendem-sobre-a-cultura-do-morango-em-mallet\/","title":{"rendered":"Alunos do projeto aprendem sobre a cultura do morango em Mallet"},"content":{"rendered":"\n<figure class=\"wp-block-image size-full\"><img decoding=\"async\" src=\"https:\/\/radiostudiow.com.br\/site\/wp-content\/uploads\/2022\/06\/SICREDI.jpg\" alt=\"\" class=\"wp-image-7695\"\/><\/figure>\n\n\n\n<p>Projeto Campinho Feliz, realizado pelo Boletim <a href=\"https:\/\/boletimagroregional.com\/\" data-type=\"URL\" data-id=\"https:\/\/boletimagroregional.com\/\">AgroRegional<\/a>, \u00e9 estimular os alunos a valorizar o lugar onde se vive, atrav\u00e9s de temas do seu cotidiano abordados de forma informativa\u00a0 e l\u00fadica.<\/p>\n\n\n\n<p>A partir da leitura e atividades do Jornal Agro Regional da&nbsp; do m\u00eas de junho sobre frutas, os alunos da Escola Municipal Orlando de Carvalho, de Mallet, escolheram o morango como tema de trabalho no projeto.<\/p>\n\n\n\n<p><em>\u201cNosso munic\u00edpio h\u00e1 produtores do cultivo de morango que fornecem aos mercados locais como em&nbsp; outras cidades\u201d<\/em>, relatou a professora Vanessa.<\/p>\n\n\n\n<p>Acompanhada da professora e da diretora Cleide, a turma realizou uma visita na propriedade do Senhor Juraci Abel Szymczak para conhecer um pouco sobre&nbsp; o cultivo do morango.<\/p>\n\n\n\n<figure class=\"wp-block-image size-full\"><img decoding=\"async\" src=\"https:\/\/radiostudiow.com.br\/site\/wp-content\/uploads\/2022\/08\/IMG-20220802-WA0003-1024x674-1.jpg\" alt=\"\" class=\"wp-image-8491\"\/><\/figure>\n\n\n\n<figure class=\"wp-block-image size-full\"><img decoding=\"async\" src=\"https:\/\/radiostudiow.com.br\/site\/wp-content\/uploads\/2022\/07\/CAFE.jpg\" alt=\"\" class=\"wp-image-8288\"\/><\/figure>\n\n\n\n<p><em>\u201cFoi uma manh\u00e3 de muita aprendizagem, os alunos conheceram o processo do plantio de muda de morango, at\u00e9 a colheita do fruto atrav\u00e9s da explica\u00e7\u00e3o do Senhor Juraci Abel Szymczak\u201d<\/em>, explicou Vanessa.<\/p>\n\n\n\n<p>Os alunos fizeram a colheita do fruto e na escola produziram receitas culin\u00e1rias sob a orienta\u00e7\u00e3o da professora e diretora como: bolo, geleia, vitamina, docinhos e ap\u00f3s se deliciaram comendo essas guloseimas feitas com a fruta.<\/p>\n\n\n\n<figure class=\"wp-block-image size-full\"><img loading=\"lazy\" decoding=\"async\" width=\"1024\" height=\"672\" src=\"https:\/\/radiostudiow.com.br\/site\/wp-content\/uploads\/2022\/08\/IMG-20220802-WA0018-1024x672-1.jpg\" alt=\"\" class=\"wp-image-8493\" srcset=\"https:\/\/radiostudiow.com.br\/site\/wp-content\/uploads\/2022\/08\/IMG-20220802-WA0018-1024x672-1.jpg 1024w, https:\/\/radiostudiow.com.br\/site\/wp-content\/uploads\/2022\/08\/IMG-20220802-WA0018-1024x672-1-300x197.jpg 300w, https:\/\/radiostudiow.com.br\/site\/wp-content\/uploads\/2022\/08\/IMG-20220802-WA0018-1024x672-1-768x504.jpg 768w\" sizes=\"auto, (max-width: 1024px) 100vw, 1024px\" \/><\/figure>\n\n\n\n<p><em>\u201cEsse passeio foi de grande import\u00e2ncia para o aprendizado dos alunos, tiveram uma manh\u00e3 cheia de experi\u00eancias&nbsp; e conhecimentos sobre o plantio do morango, bem como a necessidade de cuidados\u201d<\/em>, destacou a docente.<\/p>\n\n\n\n<p>A escola agradece&nbsp; ao senhor Juraci Abel Szymczak pela recep\u00e7\u00e3o e a oportunidade de conhecer o processo da cultura.<\/p>\n\n\n\n<p><strong>Parceiros<\/strong><\/p>\n\n\n\n<p><strong>Em Mallet, o Campinho Feliz ocorre em parceria com o grupo Agrosepac e com a Secretaria Municipal de Educa\u00e7\u00e3o.<\/strong><\/p>\n\n\n\n<p>Fonte e Fotos: <em><a href=\"https:\/\/boletimagroregional.com\/\">https:\/\/boletimagroregional.com\/<\/a><\/em><\/p>\n\n\n\n<figure class=\"wp-block-image size-full\"><img decoding=\"async\" src=\"https:\/\/radiostudiow.com.br\/site\/wp-content\/uploads\/2022\/07\/QUERO.QUERO_.jpg\" alt=\"\" class=\"wp-image-8289\"\/><\/figure>\n","protected":false},"excerpt":{"rendered":"<p>Projeto Campinho Feliz, realizado pelo Boletim AgroRegional, \u00e9 estimular os alunos a valorizar o lugar onde se vive, atrav\u00e9s de temas do seu cotidiano abordados de forma informativa\u00a0 e l\u00fadica. A partir da leitura e atividades do Jornal Agro Regional da&nbsp; do m\u00eas de junho sobre frutas, os alunos da Escola Municipal Orlando de Carvalho, [&hellip;]<\/p>\n","protected":false},"author":2,"featured_media":0,"comment_status":"open","ping_status":"open","sticky":false,"template":"","format":"standard","meta":{"footnotes":""},"categories":[184],"tags":[172],"class_list":["post-8490","post","type-post","status-publish","format-standard","hentry","category-local","tag-featured"],"amp_enabled":true,"_links":{"self":[{"href":"https:\/\/radiostudiow.com.br\/site\/wp-json\/wp\/v2\/posts\/8490","targetHints":{"allow":["GET"]}}],"collection":[{"href":"https:\/\/radiostudiow.com.br\/site\/wp-json\/wp\/v2\/posts"}],"about":[{"href":"https:\/\/radiostudiow.com.br\/site\/wp-json\/wp\/v2\/types\/post"}],"author":[{"embeddable":true,"href":"https:\/\/radiostudiow.com.br\/site\/wp-json\/wp\/v2\/users\/2"}],"replies":[{"embeddable":true,"href":"https:\/\/radiostudiow.com.br\/site\/wp-json\/wp\/v2\/comments?post=8490"}],"version-history":[{"count":2,"href":"https:\/\/radiostudiow.com.br\/site\/wp-json\/wp\/v2\/posts\/8490\/revisions"}],"predecessor-version":[{"id":8496,"href":"https:\/\/radiostudiow.com.br\/site\/wp-json\/wp\/v2\/posts\/8490\/revisions\/8496"}],"wp:attachment":[{"href":"https:\/\/radiostudiow.com.br\/site\/wp-json\/wp\/v2\/media?parent=8490"}],"wp:term":[{"taxonomy":"category","embeddable":true,"href":"https:\/\/radiostudiow.com.br\/site\/wp-json\/wp\/v2\/categories?post=8490"},{"taxonomy":"post_tag","embeddable":true,"href":"https:\/\/radiostudiow.com.br\/site\/wp-json\/wp\/v2\/tags?post=8490"}],"curies":[{"name":"wp","href":"https:\/\/api.w.org\/{rel}","templated":true}]}}