{"id":8505,"date":"2022-08-11T17:57:24","date_gmt":"2022-08-11T20:57:24","guid":{"rendered":"https:\/\/radiostudiow.com.br\/site\/?p=8505"},"modified":"2025-01-31T15:09:58","modified_gmt":"2025-01-31T18:09:58","slug":"motocicleta-e-furtada-em-cruz-machado-3","status":"publish","type":"post","link":"https:\/\/radiostudiow.com.br\/site\/2022\/08\/11\/motocicleta-e-furtada-em-cruz-machado-3\/","title":{"rendered":"Motocicleta \u00e9 furtada em Cruz Machado"},"content":{"rendered":"\n<figure class=\"wp-block-image size-full\"><img decoding=\"async\" src=\"https:\/\/radiostudiow.com.br\/site\/wp-content\/uploads\/2022\/06\/SICREDI.jpg\" alt=\"\" class=\"wp-image-7695\"\/><\/figure>\n\n\n\n<p>A equipe da Pol\u00edcia Militar de Cruz Machado registrou um furto de motocicleta por volta das18:55 horas dessa quarta-feira (10).<\/p>\n\n\n\n<p>De acordo com a v\u00edtima, ele reside na Linha Barro Branco, interior do munic\u00edpio e que foi furtada a sua motocicleta Honda NXR 150 Bros de cor vermelha com placas AOC-2618 de Uni\u00e3o da Vit\u00f3ria.<\/p>\n\n\n\n<p>O homem ainda relatou para a Pol\u00edcia que mais alguns pertences foram levados, sendo orientado quanto aos procedimentos cab\u00edveis.<\/p>\n\n\n\n<p><strong>Qualquer informa\u00e7\u00f5es que possa contribuir para a localiza\u00e7\u00e3o da moto pode ser repassada para a Pol\u00edcia atrav\u00e9s do 190.<\/strong><\/p>\n\n\n\n<figure class=\"wp-block-image size-full\"><img decoding=\"async\" src=\"https:\/\/radiostudiow.com.br\/site\/wp-content\/uploads\/2022\/07\/BAHNIUK.jpg\" alt=\"\" class=\"wp-image-8307\"\/><\/figure>\n","protected":false},"excerpt":{"rendered":"<p>A equipe da Pol\u00edcia Militar de Cruz Machado registrou um furto de motocicleta por volta das18:55 horas dessa quarta-feira (10). De acordo com a v\u00edtima, ele reside na Linha Barro Branco, interior do munic\u00edpio e que foi furtada a sua motocicleta Honda NXR 150 Bros de cor vermelha com placas AOC-2618 de Uni\u00e3o da Vit\u00f3ria. [&hellip;]<\/p>\n","protected":false},"author":2,"featured_media":0,"comment_status":"open","ping_status":"open","sticky":false,"template":"","format":"standard","meta":{"footnotes":""},"categories":[2],"tags":[172],"class_list":["post-8505","post","type-post","status-publish","format-standard","hentry","category-policial","tag-featured"],"amp_enabled":true,"_links":{"self":[{"href":"https:\/\/radiostudiow.com.br\/site\/wp-json\/wp\/v2\/posts\/8505","targetHints":{"allow":["GET"]}}],"collection":[{"href":"https:\/\/radiostudiow.com.br\/site\/wp-json\/wp\/v2\/posts"}],"about":[{"href":"https:\/\/radiostudiow.com.br\/site\/wp-json\/wp\/v2\/types\/post"}],"author":[{"embeddable":true,"href":"https:\/\/radiostudiow.com.br\/site\/wp-json\/wp\/v2\/users\/2"}],"replies":[{"embeddable":true,"href":"https:\/\/radiostudiow.com.br\/site\/wp-json\/wp\/v2\/comments?post=8505"}],"version-history":[{"count":1,"href":"https:\/\/radiostudiow.com.br\/site\/wp-json\/wp\/v2\/posts\/8505\/revisions"}],"predecessor-version":[{"id":8506,"href":"https:\/\/radiostudiow.com.br\/site\/wp-json\/wp\/v2\/posts\/8505\/revisions\/8506"}],"wp:attachment":[{"href":"https:\/\/radiostudiow.com.br\/site\/wp-json\/wp\/v2\/media?parent=8505"}],"wp:term":[{"taxonomy":"category","embeddable":true,"href":"https:\/\/radiostudiow.com.br\/site\/wp-json\/wp\/v2\/categories?post=8505"},{"taxonomy":"post_tag","embeddable":true,"href":"https:\/\/radiostudiow.com.br\/site\/wp-json\/wp\/v2\/tags?post=8505"}],"curies":[{"name":"wp","href":"https:\/\/api.w.org\/{rel}","templated":true}]}}