{"id":8509,"date":"2022-08-12T11:36:01","date_gmt":"2022-08-12T14:36:01","guid":{"rendered":"https:\/\/radiostudiow.com.br\/site\/?p=8509"},"modified":"2025-01-31T15:09:58","modified_gmt":"2025-01-31T18:09:58","slug":"sete-pessoas-morrem-e-outras-ficam-feridas-em-gravissimo-acidente","status":"publish","type":"post","link":"https:\/\/radiostudiow.com.br\/site\/2022\/08\/12\/sete-pessoas-morrem-e-outras-ficam-feridas-em-gravissimo-acidente\/","title":{"rendered":"Sete pessoas morrem e outras ficam feridas em grav\u00edssimo acidente"},"content":{"rendered":"\n<p>No noite desta quinta-feira, 19 de agosto, sete pessoas morreram e outras tr\u00eas ficaram gravemente feridas, em um grav\u00edssimo acidente entre uma van e um caminh\u00e3o na BR 376, na cidade de Palmeira.<\/p>\n\n\n\n<figure class=\"wp-block-image size-full\"><img decoding=\"async\" src=\"https:\/\/radiostudiow.com.br\/site\/wp-content\/uploads\/2022\/07\/BAHNIUK.jpg\" alt=\"\" class=\"wp-image-8307\"\/><\/figure>\n\n\n\n<p>De acordo com a Pol\u00edcia Rodovi\u00e1ria Federal (PRF), a van seguia para Curitiba quando colidiu na traseira de um caminh\u00e3o, no quilometro 544, nas proximidades da Col\u00f4nia Witmarsun .<\/p>\n\n\n\n<p>Informa\u00e7\u00f5es preliminares d\u00e3o conta de que a van estava levando profissionais da educa\u00e7\u00e3o para um evento do Sindicato dos Trabalhadores em Educa\u00e7\u00e3o P\u00fablica do Paran\u00e1 (APP-Sindicato) na Capital.<\/p>\n\n\n\n<p>O Instituto M\u00e9dico Legal (IML) de Ponta Grossa e a Criminal\u00edstica estiveram no local para os procedimentos cab\u00edveis e recolhimento dos corpos.<\/p>\n\n\n\n<figure class=\"wp-block-image size-full\"><img decoding=\"async\" src=\"https:\/\/radiostudiow.com.br\/site\/wp-content\/uploads\/2022\/08\/image.png\" alt=\"\" class=\"wp-image-8498\"\/><\/figure>\n\n\n\n<p>Fonte: <a href=\"https:\/\/www.portalirati.com.br\/\">https:\/\/www.portalirati.com.br\/<\/a><\/p>\n","protected":false},"excerpt":{"rendered":"<p>No noite desta quinta-feira, 19 de agosto, sete pessoas morreram e outras tr\u00eas ficaram gravemente feridas, em um grav\u00edssimo acidente entre uma van e um caminh\u00e3o na BR 376, na cidade de Palmeira. De acordo com a Pol\u00edcia Rodovi\u00e1ria Federal (PRF), a van seguia para Curitiba quando colidiu na traseira de um caminh\u00e3o, no quilometro [&hellip;]<\/p>\n","protected":false},"author":2,"featured_media":8510,"comment_status":"open","ping_status":"open","sticky":false,"template":"","format":"standard","meta":{"footnotes":""},"categories":[2],"tags":[172],"class_list":["post-8509","post","type-post","status-publish","format-standard","has-post-thumbnail","hentry","category-policial","tag-featured"],"amp_enabled":true,"_links":{"self":[{"href":"https:\/\/radiostudiow.com.br\/site\/wp-json\/wp\/v2\/posts\/8509","targetHints":{"allow":["GET"]}}],"collection":[{"href":"https:\/\/radiostudiow.com.br\/site\/wp-json\/wp\/v2\/posts"}],"about":[{"href":"https:\/\/radiostudiow.com.br\/site\/wp-json\/wp\/v2\/types\/post"}],"author":[{"embeddable":true,"href":"https:\/\/radiostudiow.com.br\/site\/wp-json\/wp\/v2\/users\/2"}],"replies":[{"embeddable":true,"href":"https:\/\/radiostudiow.com.br\/site\/wp-json\/wp\/v2\/comments?post=8509"}],"version-history":[{"count":1,"href":"https:\/\/radiostudiow.com.br\/site\/wp-json\/wp\/v2\/posts\/8509\/revisions"}],"predecessor-version":[{"id":8511,"href":"https:\/\/radiostudiow.com.br\/site\/wp-json\/wp\/v2\/posts\/8509\/revisions\/8511"}],"wp:featuredmedia":[{"embeddable":true,"href":"https:\/\/radiostudiow.com.br\/site\/wp-json\/wp\/v2\/media\/8510"}],"wp:attachment":[{"href":"https:\/\/radiostudiow.com.br\/site\/wp-json\/wp\/v2\/media?parent=8509"}],"wp:term":[{"taxonomy":"category","embeddable":true,"href":"https:\/\/radiostudiow.com.br\/site\/wp-json\/wp\/v2\/categories?post=8509"},{"taxonomy":"post_tag","embeddable":true,"href":"https:\/\/radiostudiow.com.br\/site\/wp-json\/wp\/v2\/tags?post=8509"}],"curies":[{"name":"wp","href":"https:\/\/api.w.org\/{rel}","templated":true}]}}