{"id":8512,"date":"2022-08-12T18:00:51","date_gmt":"2022-08-12T21:00:51","guid":{"rendered":"https:\/\/radiostudiow.com.br\/site\/?p=8512"},"modified":"2025-01-31T15:09:58","modified_gmt":"2025-01-31T18:09:58","slug":"homem-e-preso-com-577-kg-de-maconha-e-carro-roubado-em-mafra","status":"publish","type":"post","link":"https:\/\/radiostudiow.com.br\/site\/2022\/08\/12\/homem-e-preso-com-577-kg-de-maconha-e-carro-roubado-em-mafra\/","title":{"rendered":"Homem \u00e9 preso com 577 kg de maconha e carro roubado em Mafra"},"content":{"rendered":"\n<p>Policiais rodovi\u00e1rios federais de plant\u00e3o na Unidade Operacional de Mafra apreenderam na BR-116 em Rio Negro\/PR, cerca de 577 kg de maconha e recuperaram um carro roubado em S\u00e3o Paulo. A situa\u00e7\u00e3o foi registrada nesta quinta-feira (11).<\/p>\n\n\n\n<figure class=\"wp-block-image size-full\"><img decoding=\"async\" src=\"https:\/\/radiostudiow.com.br\/site\/wp-content\/uploads\/2022\/06\/WRNET.jpg\" alt=\"\" class=\"wp-image-7827\"\/><\/figure>\n\n\n\n<p>Durante abordagem a um autom\u00f3vel Nissan\/Versa placas de Tr\u00eas Coroas\/RS, os policiais encontraram diversas caixas e tabletes com maconha no banco traseiro e assoalho do ve\u00edculo, totalizando 576,98 kg.<\/p>\n\n\n\n<p>A vistoria no ve\u00edculo identificou que ele transitava com placas clonadas de outro Versa, sendo as originais de Campinas\/SP com registro de furto\/roubo em mar\u00e7o deste ano na cidade de S\u00e3o Paulo.<\/p>\n\n\n\n<p>O condutor, paranaense de 29 anos, foi encaminhado \u00e0 Delegacia de Pol\u00edcia por tr\u00e1fico de drogas, recepta\u00e7\u00e3o e adultera\u00e7\u00e3o de sinal identificador de ve\u00edculo automotor.<\/p>\n\n\n\n<figure class=\"wp-block-image size-full\"><img decoding=\"async\" src=\"https:\/\/radiostudiow.com.br\/site\/wp-content\/uploads\/2022\/07\/IMOB-SUL.jpg\" alt=\"\" class=\"wp-image-8292\"\/><\/figure>\n","protected":false},"excerpt":{"rendered":"<p>Policiais rodovi\u00e1rios federais de plant\u00e3o na Unidade Operacional de Mafra apreenderam na BR-116 em Rio Negro\/PR, cerca de 577 kg de maconha e recuperaram um carro roubado em S\u00e3o Paulo. A situa\u00e7\u00e3o foi registrada nesta quinta-feira (11). Durante abordagem a um autom\u00f3vel Nissan\/Versa placas de Tr\u00eas Coroas\/RS, os policiais encontraram diversas caixas e tabletes com [&hellip;]<\/p>\n","protected":false},"author":2,"featured_media":8513,"comment_status":"open","ping_status":"open","sticky":false,"template":"","format":"standard","meta":{"footnotes":""},"categories":[2],"tags":[172],"class_list":["post-8512","post","type-post","status-publish","format-standard","has-post-thumbnail","hentry","category-policial","tag-featured"],"amp_enabled":true,"_links":{"self":[{"href":"https:\/\/radiostudiow.com.br\/site\/wp-json\/wp\/v2\/posts\/8512","targetHints":{"allow":["GET"]}}],"collection":[{"href":"https:\/\/radiostudiow.com.br\/site\/wp-json\/wp\/v2\/posts"}],"about":[{"href":"https:\/\/radiostudiow.com.br\/site\/wp-json\/wp\/v2\/types\/post"}],"author":[{"embeddable":true,"href":"https:\/\/radiostudiow.com.br\/site\/wp-json\/wp\/v2\/users\/2"}],"replies":[{"embeddable":true,"href":"https:\/\/radiostudiow.com.br\/site\/wp-json\/wp\/v2\/comments?post=8512"}],"version-history":[{"count":1,"href":"https:\/\/radiostudiow.com.br\/site\/wp-json\/wp\/v2\/posts\/8512\/revisions"}],"predecessor-version":[{"id":8514,"href":"https:\/\/radiostudiow.com.br\/site\/wp-json\/wp\/v2\/posts\/8512\/revisions\/8514"}],"wp:featuredmedia":[{"embeddable":true,"href":"https:\/\/radiostudiow.com.br\/site\/wp-json\/wp\/v2\/media\/8513"}],"wp:attachment":[{"href":"https:\/\/radiostudiow.com.br\/site\/wp-json\/wp\/v2\/media?parent=8512"}],"wp:term":[{"taxonomy":"category","embeddable":true,"href":"https:\/\/radiostudiow.com.br\/site\/wp-json\/wp\/v2\/categories?post=8512"},{"taxonomy":"post_tag","embeddable":true,"href":"https:\/\/radiostudiow.com.br\/site\/wp-json\/wp\/v2\/tags?post=8512"}],"curies":[{"name":"wp","href":"https:\/\/api.w.org\/{rel}","templated":true}]}}