{"id":8515,"date":"2022-08-12T18:06:05","date_gmt":"2022-08-12T21:06:05","guid":{"rendered":"https:\/\/radiostudiow.com.br\/site\/?p=8515"},"modified":"2025-01-31T15:09:58","modified_gmt":"2025-01-31T18:09:58","slug":"identificadas-sete-vitimas-de-grave-acidente-em-palmeira","status":"publish","type":"post","link":"https:\/\/radiostudiow.com.br\/site\/2022\/08\/12\/identificadas-sete-vitimas-de-grave-acidente-em-palmeira\/","title":{"rendered":"Identificadas sete v\u00edtimas de grave acidente em Palmeira"},"content":{"rendered":"\n<figure class=\"wp-block-image size-full\"><img decoding=\"async\" src=\"https:\/\/radiostudiow.com.br\/site\/wp-content\/uploads\/2022\/08\/image.png\" alt=\"\" class=\"wp-image-8498\"\/><\/figure>\n\n\n\n<p>Duas professoras que morreram no\u00a0grav\u00edssimo acidente na BR-376, em Palmeira, Campos Gerais do Paran\u00e1, na noite de quinta-feira (11), foram identificadas na manh\u00e3 desta sexta-feira (12). Elas s\u00e3o Maria Aparecida L\u00facia da Cunha e Andreia Aparecida Lemes Santana. As duas s\u00e3o de Barra do Jacar\u00e9, cidade do Norte Pioneiro do Estado.\u00a0<\/p>\n\n\n\n<p>O\u00a0destino das professoras era um evento\u00a0do Sindicato dos Trabalhadores em Educa\u00e7\u00e3o P\u00fablica do Paran\u00e1 (APP-Sindicato), em Curitiba. A van que levava os professores atingiu a traseira de um caminh\u00e3o que transportava leite.<\/p>\n\n\n\n<figure class=\"wp-block-image size-full\"><img loading=\"lazy\" decoding=\"async\" width=\"960\" height=\"592\" src=\"https:\/\/radiostudiow.com.br\/site\/wp-content\/uploads\/2022\/08\/294621781_5416989841692910_6415314400820676670_n-2.jpg\" alt=\"\" class=\"wp-image-8517\" srcset=\"https:\/\/radiostudiow.com.br\/site\/wp-content\/uploads\/2022\/08\/294621781_5416989841692910_6415314400820676670_n-2.jpg 960w, https:\/\/radiostudiow.com.br\/site\/wp-content\/uploads\/2022\/08\/294621781_5416989841692910_6415314400820676670_n-2-300x185.jpg 300w, https:\/\/radiostudiow.com.br\/site\/wp-content\/uploads\/2022\/08\/294621781_5416989841692910_6415314400820676670_n-2-768x474.jpg 768w\" sizes=\"auto, (max-width: 960px) 100vw, 960px\" \/><\/figure>\n\n\n\n<figure class=\"wp-block-image size-full\"><img decoding=\"async\" src=\"https:\/\/radiostudiow.com.br\/site\/wp-content\/uploads\/2022\/07\/AFUBRE-IRATI.jpg\" alt=\"\" class=\"wp-image-7992\"\/><\/figure>\n\n\n\n<p>As outras cinco pessoas mortas tamb\u00e9m tiveram as identifica\u00e7\u00f5es informadas, entre elas o motorista da van. Os corpos foram encaminhados ao Instituto M\u00e9dico-Legal (IML) de Ponta Grossa. Al\u00e9m deles, outras tr\u00eas pessoas, um homem e duas mulheres, foram encaminhadas a hospitais. Veja o nome das v\u00edtimas:<\/p>\n\n\n\n<p>Mortos:<\/p>\n\n\n\n<ul class=\"wp-block-list\"><li>Andreia Lemes Santana, de Barra do Jacar\u00e9<\/li><li>Maria Aparecida Lucia da Cunha, de Barra do Jacar\u00e9<\/li><li>Ederson Camiloti, de Santo Ant\u00f4nio da Platina<\/li><li>Joana Darc Franco Bertoni, de Santo Ant\u00f4nio da Platina<\/li><li>Lucilene Prates Tomas Saidler, de Santo Ant\u00f4nio da Platina<\/li><li>Silvia Regina Gomes, de Santo Ant\u00f4nio da Platina<\/li><li>Miguel Henrique de Souza Melo, o motorista<\/li><\/ul>\n\n\n\n<p>Feridos:<\/p>\n\n\n\n<ul class=\"wp-block-list\"><li>Maria das Gra\u00e7as de Oliveira, de Cambar\u00e1<\/li><li>Juliano Cesar Teixeira, de Cambar\u00e1<\/li><li>Fernanda S. Nogueira Teixeira, de Cambar\u00e1<\/li><\/ul>\n\n\n\n<p>Segundo a Pol\u00edcia Rodovi\u00e1ria Federal (PRF), a sede da empresa propriet\u00e1ria da van \u00e9 a cidade de Jacarezinho, no Norte Pioneiro do Estado.<\/p>\n\n\n\n<figure class=\"wp-block-image size-full\"><img decoding=\"async\" src=\"https:\/\/radiostudiow.com.br\/site\/wp-content\/uploads\/2022\/06\/vem_ai.jpg\" alt=\"\" class=\"wp-image-7789\"\/><\/figure>\n\n\n\n<figure class=\"wp-block-image size-full\"><img loading=\"lazy\" decoding=\"async\" width=\"1000\" height=\"617\" src=\"https:\/\/radiostudiow.com.br\/site\/wp-content\/uploads\/2022\/08\/81be00d9c582889ed155.jpeg\" alt=\"\" class=\"wp-image-8510\" srcset=\"https:\/\/radiostudiow.com.br\/site\/wp-content\/uploads\/2022\/08\/81be00d9c582889ed155.jpeg 1000w, https:\/\/radiostudiow.com.br\/site\/wp-content\/uploads\/2022\/08\/81be00d9c582889ed155-300x185.jpeg 300w, https:\/\/radiostudiow.com.br\/site\/wp-content\/uploads\/2022\/08\/81be00d9c582889ed155-768x474.jpeg 768w\" sizes=\"auto, (max-width: 1000px) 100vw, 1000px\" \/><\/figure>\n\n\n\n<p><em>Informa\u00e7\u00f5es Banda B<\/em><\/p>\n","protected":false},"excerpt":{"rendered":"<p>Duas professoras que morreram no\u00a0grav\u00edssimo acidente na BR-376, em Palmeira, Campos Gerais do Paran\u00e1, na noite de quinta-feira (11), foram identificadas na manh\u00e3 desta sexta-feira (12). Elas s\u00e3o Maria Aparecida L\u00facia da Cunha e Andreia Aparecida Lemes Santana. As duas s\u00e3o de Barra do Jacar\u00e9, cidade do Norte Pioneiro do Estado.\u00a0 O\u00a0destino das professoras era [&hellip;]<\/p>\n","protected":false},"author":2,"featured_media":8516,"comment_status":"open","ping_status":"open","sticky":false,"template":"","format":"standard","meta":{"footnotes":""},"categories":[2],"tags":[172],"class_list":["post-8515","post","type-post","status-publish","format-standard","has-post-thumbnail","hentry","category-policial","tag-featured"],"amp_enabled":true,"_links":{"self":[{"href":"https:\/\/radiostudiow.com.br\/site\/wp-json\/wp\/v2\/posts\/8515","targetHints":{"allow":["GET"]}}],"collection":[{"href":"https:\/\/radiostudiow.com.br\/site\/wp-json\/wp\/v2\/posts"}],"about":[{"href":"https:\/\/radiostudiow.com.br\/site\/wp-json\/wp\/v2\/types\/post"}],"author":[{"embeddable":true,"href":"https:\/\/radiostudiow.com.br\/site\/wp-json\/wp\/v2\/users\/2"}],"replies":[{"embeddable":true,"href":"https:\/\/radiostudiow.com.br\/site\/wp-json\/wp\/v2\/comments?post=8515"}],"version-history":[{"count":1,"href":"https:\/\/radiostudiow.com.br\/site\/wp-json\/wp\/v2\/posts\/8515\/revisions"}],"predecessor-version":[{"id":8518,"href":"https:\/\/radiostudiow.com.br\/site\/wp-json\/wp\/v2\/posts\/8515\/revisions\/8518"}],"wp:featuredmedia":[{"embeddable":true,"href":"https:\/\/radiostudiow.com.br\/site\/wp-json\/wp\/v2\/media\/8516"}],"wp:attachment":[{"href":"https:\/\/radiostudiow.com.br\/site\/wp-json\/wp\/v2\/media?parent=8515"}],"wp:term":[{"taxonomy":"category","embeddable":true,"href":"https:\/\/radiostudiow.com.br\/site\/wp-json\/wp\/v2\/categories?post=8515"},{"taxonomy":"post_tag","embeddable":true,"href":"https:\/\/radiostudiow.com.br\/site\/wp-json\/wp\/v2\/tags?post=8515"}],"curies":[{"name":"wp","href":"https:\/\/api.w.org\/{rel}","templated":true}]}}