{"id":8519,"date":"2022-08-12T18:08:37","date_gmt":"2022-08-12T21:08:37","guid":{"rendered":"https:\/\/radiostudiow.com.br\/site\/?p=8519"},"modified":"2025-01-31T15:09:58","modified_gmt":"2025-01-31T18:09:58","slug":"veiculo-roubado-em-ponta-grossa-e-recuperado-em-sao-mateus-do-sul","status":"publish","type":"post","link":"https:\/\/radiostudiow.com.br\/site\/2022\/08\/12\/veiculo-roubado-em-ponta-grossa-e-recuperado-em-sao-mateus-do-sul\/","title":{"rendered":"Ve\u00edculo roubado em Ponta Grossa \u00e9 recuperado em S\u00e3o Mateus do Sul"},"content":{"rendered":"\n<p>A equipe da Pol\u00edcia Militar de S\u00e3o Mateus do Sul recebeu den\u00fancia na quinta-feira, 11 de agosto, de um ve\u00edculo Renault\/Sandero que estaria estacionado a cerca de 01:00 hora na regi\u00e3o do loteamento Padovani.<\/p>\n\n\n\n<figure class=\"wp-block-image size-full\"><img decoding=\"async\" src=\"https:\/\/radiostudiow.com.br\/site\/wp-content\/uploads\/2022\/07\/image.png\" alt=\"\" class=\"wp-image-8317\"\/><\/figure>\n\n\n\n<p>As primeiras informa\u00e7\u00f5es eram de que no ve\u00edculo estariam dois homens em atitude suspeita. A PM deslocou-se at\u00e9 o local e constatou que o ve\u00edculo estava travado com os vidros abertos, sem nenhum ocupante.<\/p>\n\n\n\n<p>O Sandero apresentava sinais de colis\u00e3o frontal, al\u00e9m de avaria na parte traseira. Ao checar a placa do ve\u00edculo BBK2791 foi constatado alerta de roubo conforme boletim&nbsp; da data de 11\/08\/2022. O boletim tamb\u00e9m informou que o ve\u00edculo foi roubado na cidade de Ponta Grossa.<\/p>\n\n\n\n<p>Feito patrulhamento pelas imedia\u00e7\u00f5es no intuito de localizar os autores com as caracter\u00edsticas do boletim o roubo, por\u00e9m sem \u00eaxito. Diante do exposto o ve\u00edculo foi guinchado at\u00e9 a Pol\u00edcia Civil para procedimentos da Pol\u00edcia Judici\u00e1ria.<\/p>\n\n\n\n<figure class=\"wp-block-image size-full\"><img decoding=\"async\" src=\"https:\/\/radiostudiow.com.br\/site\/wp-content\/uploads\/2022\/06\/SICREDI.jpg\" alt=\"\" class=\"wp-image-7695\"\/><\/figure>\n","protected":false},"excerpt":{"rendered":"<p>A equipe da Pol\u00edcia Militar de S\u00e3o Mateus do Sul recebeu den\u00fancia na quinta-feira, 11 de agosto, de um ve\u00edculo Renault\/Sandero que estaria estacionado a cerca de 01:00 hora na regi\u00e3o do loteamento Padovani. As primeiras informa\u00e7\u00f5es eram de que no ve\u00edculo estariam dois homens em atitude suspeita. A PM deslocou-se at\u00e9 o local e [&hellip;]<\/p>\n","protected":false},"author":2,"featured_media":0,"comment_status":"open","ping_status":"open","sticky":false,"template":"","format":"standard","meta":{"footnotes":""},"categories":[2],"tags":[172],"class_list":["post-8519","post","type-post","status-publish","format-standard","hentry","category-policial","tag-featured"],"amp_enabled":true,"_links":{"self":[{"href":"https:\/\/radiostudiow.com.br\/site\/wp-json\/wp\/v2\/posts\/8519","targetHints":{"allow":["GET"]}}],"collection":[{"href":"https:\/\/radiostudiow.com.br\/site\/wp-json\/wp\/v2\/posts"}],"about":[{"href":"https:\/\/radiostudiow.com.br\/site\/wp-json\/wp\/v2\/types\/post"}],"author":[{"embeddable":true,"href":"https:\/\/radiostudiow.com.br\/site\/wp-json\/wp\/v2\/users\/2"}],"replies":[{"embeddable":true,"href":"https:\/\/radiostudiow.com.br\/site\/wp-json\/wp\/v2\/comments?post=8519"}],"version-history":[{"count":1,"href":"https:\/\/radiostudiow.com.br\/site\/wp-json\/wp\/v2\/posts\/8519\/revisions"}],"predecessor-version":[{"id":8521,"href":"https:\/\/radiostudiow.com.br\/site\/wp-json\/wp\/v2\/posts\/8519\/revisions\/8521"}],"wp:attachment":[{"href":"https:\/\/radiostudiow.com.br\/site\/wp-json\/wp\/v2\/media?parent=8519"}],"wp:term":[{"taxonomy":"category","embeddable":true,"href":"https:\/\/radiostudiow.com.br\/site\/wp-json\/wp\/v2\/categories?post=8519"},{"taxonomy":"post_tag","embeddable":true,"href":"https:\/\/radiostudiow.com.br\/site\/wp-json\/wp\/v2\/tags?post=8519"}],"curies":[{"name":"wp","href":"https:\/\/api.w.org\/{rel}","templated":true}]}}