{"id":8562,"date":"2022-08-13T10:13:43","date_gmt":"2022-08-13T13:13:43","guid":{"rendered":"https:\/\/radiostudiow.com.br\/site\/?p=8562"},"modified":"2025-01-31T15:09:58","modified_gmt":"2025-01-31T18:09:58","slug":"pm-de-mallet-e-paulo-frontin-registram-ocorrencia-de-perturbacao-de-sossego","status":"publish","type":"post","link":"https:\/\/radiostudiow.com.br\/site\/2022\/08\/13\/pm-de-mallet-e-paulo-frontin-registram-ocorrencia-de-perturbacao-de-sossego\/","title":{"rendered":"PM de Mallet e Paulo Frontin registram ocorr\u00eancia de perturba\u00e7\u00e3o de sossego"},"content":{"rendered":"\n<figure class=\"wp-block-image size-full\"><img decoding=\"async\" src=\"https:\/\/radiostudiow.com.br\/site\/wp-content\/uploads\/2022\/08\/image.png\" alt=\"\" class=\"wp-image-8498\"\/><\/figure>\n\n\n\n<p>Equipes da Pol\u00edcia Militar de Mallet e Paulo Frontin atenderam ocorr\u00eancia de perturba\u00e7\u00e3o da tranquilidade por volta das 23:10 horas dessa sexta \u2013 feira (12).<\/p>\n\n\n\n<p>De acordo com o relat\u00f3rio policial, um estabelecimento comercial da \u00e1rea central do munic\u00edpio de Paulo Frontin estava ocorrendo um som alto oriundo de aparelho eletr\u00f4nico, al\u00e9m de conversa\u00e7\u00e3o de clientes em tom alto perturbando o sossego dos moradores de resid\u00eancias pr\u00f3ximas.<\/p>\n\n\n\n<p>Diante dos relatos as equipes policiais se deslocaram at\u00e9 o local e conversaram com o respons\u00e1vel pelo com\u00e9rcio, o qual ap\u00f3s orienta\u00e7\u00e3o se comprometeu desligar o aparelho de som e a encerrar a atividade.<\/p>\n\n\n\n<figure class=\"wp-block-image size-full\"><img decoding=\"async\" src=\"https:\/\/radiostudiow.com.br\/site\/wp-content\/uploads\/2022\/06\/vem_ai.jpg\" alt=\"\" class=\"wp-image-7789\"\/><\/figure>\n","protected":false},"excerpt":{"rendered":"<p>Equipes da Pol\u00edcia Militar de Mallet e Paulo Frontin atenderam ocorr\u00eancia de perturba\u00e7\u00e3o da tranquilidade por volta das 23:10 horas dessa sexta \u2013 feira (12). De acordo com o relat\u00f3rio policial, um estabelecimento comercial da \u00e1rea central do munic\u00edpio de Paulo Frontin estava ocorrendo um som alto oriundo de aparelho eletr\u00f4nico, al\u00e9m de conversa\u00e7\u00e3o de [&hellip;]<\/p>\n","protected":false},"author":2,"featured_media":7679,"comment_status":"open","ping_status":"open","sticky":false,"template":"","format":"standard","meta":{"footnotes":""},"categories":[2],"tags":[172],"class_list":["post-8562","post","type-post","status-publish","format-standard","has-post-thumbnail","hentry","category-policial","tag-featured"],"amp_enabled":true,"_links":{"self":[{"href":"https:\/\/radiostudiow.com.br\/site\/wp-json\/wp\/v2\/posts\/8562","targetHints":{"allow":["GET"]}}],"collection":[{"href":"https:\/\/radiostudiow.com.br\/site\/wp-json\/wp\/v2\/posts"}],"about":[{"href":"https:\/\/radiostudiow.com.br\/site\/wp-json\/wp\/v2\/types\/post"}],"author":[{"embeddable":true,"href":"https:\/\/radiostudiow.com.br\/site\/wp-json\/wp\/v2\/users\/2"}],"replies":[{"embeddable":true,"href":"https:\/\/radiostudiow.com.br\/site\/wp-json\/wp\/v2\/comments?post=8562"}],"version-history":[{"count":1,"href":"https:\/\/radiostudiow.com.br\/site\/wp-json\/wp\/v2\/posts\/8562\/revisions"}],"predecessor-version":[{"id":8563,"href":"https:\/\/radiostudiow.com.br\/site\/wp-json\/wp\/v2\/posts\/8562\/revisions\/8563"}],"wp:featuredmedia":[{"embeddable":true,"href":"https:\/\/radiostudiow.com.br\/site\/wp-json\/wp\/v2\/media\/7679"}],"wp:attachment":[{"href":"https:\/\/radiostudiow.com.br\/site\/wp-json\/wp\/v2\/media?parent=8562"}],"wp:term":[{"taxonomy":"category","embeddable":true,"href":"https:\/\/radiostudiow.com.br\/site\/wp-json\/wp\/v2\/categories?post=8562"},{"taxonomy":"post_tag","embeddable":true,"href":"https:\/\/radiostudiow.com.br\/site\/wp-json\/wp\/v2\/tags?post=8562"}],"curies":[{"name":"wp","href":"https:\/\/api.w.org\/{rel}","templated":true}]}}