{"id":8565,"date":"2022-08-15T11:51:23","date_gmt":"2022-08-15T14:51:23","guid":{"rendered":"https:\/\/radiostudiow.com.br\/site\/?p=8565"},"modified":"2025-01-31T15:09:58","modified_gmt":"2025-01-31T18:09:58","slug":"pm-de-mallet-atende-perturbacao-do-sossego-alheio","status":"publish","type":"post","link":"https:\/\/radiostudiow.com.br\/site\/2022\/08\/15\/pm-de-mallet-atende-perturbacao-do-sossego-alheio\/","title":{"rendered":"PM de Mallet atende ocorr\u00eancia de perturba\u00e7\u00e3o do sossego em Rio Claro do Sul"},"content":{"rendered":"\n<figure class=\"wp-block-image size-full\"><img decoding=\"async\" src=\"https:\/\/radiostudiow.com.br\/site\/wp-content\/uploads\/2022\/08\/image.png\" alt=\"\" class=\"wp-image-8498\"\/><\/figure>\n\n\n\n<p>Um senhor, morador do Distrito de Rio Claro do Sul, acionou a equipe da Pol\u00edcia Militar de Mallet ap\u00f3s ocorrer perturba\u00e7\u00e3o do sossego alheio. A situa\u00e7\u00e3o foi registrada \u00e0s 20:38 horas nesse s\u00e1bado (13).<\/p>\n\n\n\n<p>De acordo com o solicitante, no interior da resid\u00eancia vizinha havia algumas pessoas utilizando de aparelho de som causando perturba\u00e7\u00e3o pelo barulho.<\/p>\n\n\n\n<p>Os policiais se deslocaram at\u00e9 o local e abordaram algumas pessoas com aparelho sonoro ligado, sendo identificado o respons\u00e1vel, o qual foi orientado quanto \u00e0 perturba\u00e7\u00e3o. Sendo que de imediato desligou o aparelho de som.<\/p>\n\n\n\n<figure class=\"wp-block-image size-full\"><img decoding=\"async\" src=\"https:\/\/radiostudiow.com.br\/site\/wp-content\/uploads\/2022\/07\/WRNET.jpg\" alt=\"\" class=\"wp-image-8313\"\/><\/figure>\n","protected":false},"excerpt":{"rendered":"<p>Um senhor, morador do Distrito de Rio Claro do Sul, acionou a equipe da Pol\u00edcia Militar de Mallet ap\u00f3s ocorrer perturba\u00e7\u00e3o do sossego alheio. A situa\u00e7\u00e3o foi registrada \u00e0s 20:38 horas nesse s\u00e1bado (13). De acordo com o solicitante, no interior da resid\u00eancia vizinha havia algumas pessoas utilizando de aparelho de som causando perturba\u00e7\u00e3o pelo [&hellip;]<\/p>\n","protected":false},"author":2,"featured_media":7824,"comment_status":"open","ping_status":"open","sticky":false,"template":"","format":"standard","meta":{"footnotes":""},"categories":[2],"tags":[172],"class_list":["post-8565","post","type-post","status-publish","format-standard","has-post-thumbnail","hentry","category-policial","tag-featured"],"amp_enabled":true,"_links":{"self":[{"href":"https:\/\/radiostudiow.com.br\/site\/wp-json\/wp\/v2\/posts\/8565","targetHints":{"allow":["GET"]}}],"collection":[{"href":"https:\/\/radiostudiow.com.br\/site\/wp-json\/wp\/v2\/posts"}],"about":[{"href":"https:\/\/radiostudiow.com.br\/site\/wp-json\/wp\/v2\/types\/post"}],"author":[{"embeddable":true,"href":"https:\/\/radiostudiow.com.br\/site\/wp-json\/wp\/v2\/users\/2"}],"replies":[{"embeddable":true,"href":"https:\/\/radiostudiow.com.br\/site\/wp-json\/wp\/v2\/comments?post=8565"}],"version-history":[{"count":2,"href":"https:\/\/radiostudiow.com.br\/site\/wp-json\/wp\/v2\/posts\/8565\/revisions"}],"predecessor-version":[{"id":8567,"href":"https:\/\/radiostudiow.com.br\/site\/wp-json\/wp\/v2\/posts\/8565\/revisions\/8567"}],"wp:featuredmedia":[{"embeddable":true,"href":"https:\/\/radiostudiow.com.br\/site\/wp-json\/wp\/v2\/media\/7824"}],"wp:attachment":[{"href":"https:\/\/radiostudiow.com.br\/site\/wp-json\/wp\/v2\/media?parent=8565"}],"wp:term":[{"taxonomy":"category","embeddable":true,"href":"https:\/\/radiostudiow.com.br\/site\/wp-json\/wp\/v2\/categories?post=8565"},{"taxonomy":"post_tag","embeddable":true,"href":"https:\/\/radiostudiow.com.br\/site\/wp-json\/wp\/v2\/tags?post=8565"}],"curies":[{"name":"wp","href":"https:\/\/api.w.org\/{rel}","templated":true}]}}