{"id":8582,"date":"2022-08-16T14:52:44","date_gmt":"2022-08-16T17:52:44","guid":{"rendered":"https:\/\/radiostudiow.com.br\/site\/?p=8582"},"modified":"2025-01-31T15:09:58","modified_gmt":"2025-01-31T18:09:58","slug":"homem-e-preso-apos-espancar-o-seu-cachorro-em-sua-casa-no-jardim-emilia-em-mallet","status":"publish","type":"post","link":"https:\/\/radiostudiow.com.br\/site\/2022\/08\/16\/homem-e-preso-apos-espancar-o-seu-cachorro-em-sua-casa-no-jardim-emilia-em-mallet\/","title":{"rendered":"HOMEM \u00c9 PRESO AP\u00d3S ESPANCAR O SEU CACHORRO EM SUA CASA NO JARDIM EM\u00cdLIA EM MALLET"},"content":{"rendered":"\n<figure class=\"wp-block-image size-full\"><img decoding=\"async\" src=\"https:\/\/radiostudiow.com.br\/site\/wp-content\/uploads\/2022\/08\/image.png\" alt=\"\" class=\"wp-image-8498\"\/><\/figure>\n\n\n\n<p>A equipe da Pol\u00edcia Militar de Mallet foi acionada para atender uma situa\u00e7\u00e3o de maus tratos contra animais.<\/p>\n\n\n\n<p>A situa\u00e7\u00e3o foi registrada por volta das 14:15 horas desta segunda- feira (15), e de acordo com a solicita\u00e7\u00e3o, um homem estaria espancando um animal em sua resid\u00eancia no Bairro Jardim Em\u00edlia.<\/p>\n\n\n\n<p>Os policiais de imediato se deslocaram at\u00e9 o local e em contato com o suspeito, se identificou como o propriet\u00e1rio do im\u00f3vel.<\/p>\n\n\n\n<p>A R\u00e1dio Studio W, teve acesso ao Boletim de Ocorr\u00eancia e verificou que ao ser indagado pelo fato da den\u00fancia, o homem relatou que um de seus c\u00e3es havia quebrado alguns galhos de uma \u00e1rvore de laranja em que estava amarrado e por isso ele teria espancado o seu cachorro com um peda\u00e7o de madeira.<\/p>\n\n\n\n<p>A equipe policial analisou o animal, o qual \u00e9 uma f\u00eamea e estava com muito medo no fundo da sua casinha, com a pata machucada e sangrando.<\/p>\n\n\n\n<figure class=\"wp-block-image size-large\"><img decoding=\"async\" src=\"https:\/\/radiostudiow.com.br\/site\/wp-content\/uploads\/2022\/08\/2e48887e-17b5-4c4f-8d2c-3df85e6d252e-768x1024.jpg\" alt=\"\" class=\"wp-image-8584\"\/><\/figure>\n\n\n\n<p>Diante dos fatos os policiais entraram em contato com a Prefeitura Municipal de Mallet, onde o respons\u00e1vel pelo setor de animais se fez presente no local e encaminharam os cachorros para atendimento veterin\u00e1rio e posteriormente para uma ONG do munic\u00edpio.<\/p>\n\n\n\n<p>O autor foi encaminhado para a 10\u00aa DRP (Delegacia Regional da Pol\u00edcia Civil de Mallet), para as provid\u00eancias cab\u00edveis.<\/p>\n\n\n\n<figure class=\"wp-block-image size-full\"><img decoding=\"async\" src=\"https:\/\/radiostudiow.com.br\/site\/wp-content\/uploads\/2022\/07\/AFUBRE-IRATI.jpg\" alt=\"\" class=\"wp-image-7992\"\/><\/figure>\n","protected":false},"excerpt":{"rendered":"<p>A equipe da Pol\u00edcia Militar de Mallet foi acionada para atender uma situa\u00e7\u00e3o de maus tratos contra animais. A situa\u00e7\u00e3o foi registrada por volta das 14:15 horas desta segunda- feira (15), e de acordo com a solicita\u00e7\u00e3o, um homem estaria espancando um animal em sua resid\u00eancia no Bairro Jardim Em\u00edlia. Os policiais de imediato se [&hellip;]<\/p>\n","protected":false},"author":2,"featured_media":0,"comment_status":"open","ping_status":"open","sticky":false,"template":"","format":"standard","meta":{"footnotes":""},"categories":[2],"tags":[172],"class_list":["post-8582","post","type-post","status-publish","format-standard","hentry","category-policial","tag-featured"],"amp_enabled":true,"_links":{"self":[{"href":"https:\/\/radiostudiow.com.br\/site\/wp-json\/wp\/v2\/posts\/8582","targetHints":{"allow":["GET"]}}],"collection":[{"href":"https:\/\/radiostudiow.com.br\/site\/wp-json\/wp\/v2\/posts"}],"about":[{"href":"https:\/\/radiostudiow.com.br\/site\/wp-json\/wp\/v2\/types\/post"}],"author":[{"embeddable":true,"href":"https:\/\/radiostudiow.com.br\/site\/wp-json\/wp\/v2\/users\/2"}],"replies":[{"embeddable":true,"href":"https:\/\/radiostudiow.com.br\/site\/wp-json\/wp\/v2\/comments?post=8582"}],"version-history":[{"count":3,"href":"https:\/\/radiostudiow.com.br\/site\/wp-json\/wp\/v2\/posts\/8582\/revisions"}],"predecessor-version":[{"id":8590,"href":"https:\/\/radiostudiow.com.br\/site\/wp-json\/wp\/v2\/posts\/8582\/revisions\/8590"}],"wp:attachment":[{"href":"https:\/\/radiostudiow.com.br\/site\/wp-json\/wp\/v2\/media?parent=8582"}],"wp:term":[{"taxonomy":"category","embeddable":true,"href":"https:\/\/radiostudiow.com.br\/site\/wp-json\/wp\/v2\/categories?post=8582"},{"taxonomy":"post_tag","embeddable":true,"href":"https:\/\/radiostudiow.com.br\/site\/wp-json\/wp\/v2\/tags?post=8582"}],"curies":[{"name":"wp","href":"https:\/\/api.w.org\/{rel}","templated":true}]}}