{"id":8591,"date":"2022-08-16T17:35:59","date_gmt":"2022-08-16T20:35:59","guid":{"rendered":"https:\/\/radiostudiow.com.br\/site\/?p=8591"},"modified":"2025-01-31T15:09:58","modified_gmt":"2025-01-31T18:09:58","slug":"pm-de-mallet-registra-furto-no-bairro-jardim-emilia","status":"publish","type":"post","link":"https:\/\/radiostudiow.com.br\/site\/2022\/08\/16\/pm-de-mallet-registra-furto-no-bairro-jardim-emilia\/","title":{"rendered":"PM DE MALLET REGISTRA FURTO NO BAIRRO JARDIM EM\u00cdLIA"},"content":{"rendered":"\n<figure class=\"wp-block-image size-full\"><img decoding=\"async\" src=\"https:\/\/radiostudiow.com.br\/site\/wp-content\/uploads\/2022\/06\/vem_ai.jpg\" alt=\"\" class=\"wp-image-7789\"\/><\/figure>\n\n\n\n<p>Por volta das 13:20 horas desse domingo, 14 de agosto, um homem compareceu ao Pelot\u00e3o da Pol\u00edcia Militar informando uma situa\u00e7\u00e3o de furto.<\/p>\n\n\n\n<p>De acordo com o solicitante, que \u00e9 morador do bairro Jardim Em\u00edlia, estava viajando e ao chegar em sua resid\u00eancia se deparou com a porta dos fundos aberta. Ap\u00f3s verificar seus pertences deu falta de uma televis\u00e3o 32 polegadas marca lg e uma TV BOX Intelbras.<\/p>\n\n\n\n<p>A v\u00edtima ainda informou que o estabelecimento comercial que fica na frente de sua resid\u00eancia possui c\u00e2meras de seguran\u00e7a, onde foi poss\u00edvel ver um veiculo Monza passando na frente poucos minutos depois um masculino com moletom cinza, levando os objetos furtados.<\/p>\n\n\n\n<p>Diante da situa\u00e7\u00e3o a vitima foi orientada sobre os procedimentos cab\u00edveis.<\/p>\n\n\n\n<figure class=\"wp-block-image size-full\"><img decoding=\"async\" src=\"https:\/\/radiostudiow.com.br\/site\/wp-content\/uploads\/2022\/07\/BAHNIUK.jpg\" alt=\"\" class=\"wp-image-8307\"\/><\/figure>\n","protected":false},"excerpt":{"rendered":"<p>Por volta das 13:20 horas desse domingo, 14 de agosto, um homem compareceu ao Pelot\u00e3o da Pol\u00edcia Militar informando uma situa\u00e7\u00e3o de furto. De acordo com o solicitante, que \u00e9 morador do bairro Jardim Em\u00edlia, estava viajando e ao chegar em sua resid\u00eancia se deparou com a porta dos fundos aberta. Ap\u00f3s verificar seus pertences [&hellip;]<\/p>\n","protected":false},"author":2,"featured_media":8050,"comment_status":"open","ping_status":"open","sticky":false,"template":"","format":"standard","meta":{"footnotes":""},"categories":[2],"tags":[172],"class_list":["post-8591","post","type-post","status-publish","format-standard","has-post-thumbnail","hentry","category-policial","tag-featured"],"amp_enabled":true,"_links":{"self":[{"href":"https:\/\/radiostudiow.com.br\/site\/wp-json\/wp\/v2\/posts\/8591","targetHints":{"allow":["GET"]}}],"collection":[{"href":"https:\/\/radiostudiow.com.br\/site\/wp-json\/wp\/v2\/posts"}],"about":[{"href":"https:\/\/radiostudiow.com.br\/site\/wp-json\/wp\/v2\/types\/post"}],"author":[{"embeddable":true,"href":"https:\/\/radiostudiow.com.br\/site\/wp-json\/wp\/v2\/users\/2"}],"replies":[{"embeddable":true,"href":"https:\/\/radiostudiow.com.br\/site\/wp-json\/wp\/v2\/comments?post=8591"}],"version-history":[{"count":1,"href":"https:\/\/radiostudiow.com.br\/site\/wp-json\/wp\/v2\/posts\/8591\/revisions"}],"predecessor-version":[{"id":8592,"href":"https:\/\/radiostudiow.com.br\/site\/wp-json\/wp\/v2\/posts\/8591\/revisions\/8592"}],"wp:featuredmedia":[{"embeddable":true,"href":"https:\/\/radiostudiow.com.br\/site\/wp-json\/wp\/v2\/media\/8050"}],"wp:attachment":[{"href":"https:\/\/radiostudiow.com.br\/site\/wp-json\/wp\/v2\/media?parent=8591"}],"wp:term":[{"taxonomy":"category","embeddable":true,"href":"https:\/\/radiostudiow.com.br\/site\/wp-json\/wp\/v2\/categories?post=8591"},{"taxonomy":"post_tag","embeddable":true,"href":"https:\/\/radiostudiow.com.br\/site\/wp-json\/wp\/v2\/tags?post=8591"}],"curies":[{"name":"wp","href":"https:\/\/api.w.org\/{rel}","templated":true}]}}