{"id":8598,"date":"2022-08-17T16:30:32","date_gmt":"2022-08-17T19:30:32","guid":{"rendered":"https:\/\/radiostudiow.com.br\/site\/?p=8598"},"modified":"2025-01-31T15:09:58","modified_gmt":"2025-01-31T18:09:58","slug":"mallet-formatura-do-proerd-programa-educacional-de-resistencia-as-drogas-e-a-violencia","status":"publish","type":"post","link":"https:\/\/radiostudiow.com.br\/site\/2022\/08\/17\/mallet-formatura-do-proerd-programa-educacional-de-resistencia-as-drogas-e-a-violencia\/","title":{"rendered":"MALLET: Formatura do PROERD (Programa Educacional de Resist\u00eancia \u00e0s Drogas e \u00e0 Viol\u00eancia)"},"content":{"rendered":"\n<figure class=\"wp-block-image size-full\"><img decoding=\"async\" src=\"https:\/\/radiostudiow.com.br\/site\/wp-content\/uploads\/2022\/08\/image.png\" alt=\"\" class=\"wp-image-8498\"\/><\/figure>\n\n\n\n<p>Na noite dessa ter\u00e7a-feira, 16 de agosto, a Secretaria de Educa\u00e7\u00e3o de Mallet juntamente com a Pol\u00edcia Militar do Estado do Paran\u00e1 realizou a formatura no Proerd &#8211; Programa Educacional de Resist\u00eancia \u00e0s Drogas e \u00e0 Viol\u00eancia.<\/p>\n\n\n\n<p>Alunos dos 5\u00ba anos das escolas da rede p\u00fablica municipal de ensino juntamente com alunos da Escola Raio de Luz  &#8211; APAE de Mallet.<\/p>\n\n\n\n<p>A Secretaria de Educa\u00e7\u00e3o agradecer a todos que contribu\u00edram para que a realiza\u00e7\u00e3o desse evento.<\/p>\n\n\n\n<figure class=\"wp-block-gallery has-nested-images columns-default is-cropped wp-block-gallery-1 is-layout-flex wp-block-gallery-is-layout-flex\">\n<figure class=\"wp-block-image size-large\"><img loading=\"lazy\" decoding=\"async\" width=\"1024\" height=\"473\" data-id=\"8613\" src=\"https:\/\/radiostudiow.com.br\/site\/wp-content\/uploads\/2022\/08\/299171062_371322785191676_5447062420472357037_n-1-1024x473.jpg\" alt=\"\" class=\"wp-image-8613\" srcset=\"https:\/\/radiostudiow.com.br\/site\/wp-content\/uploads\/2022\/08\/299171062_371322785191676_5447062420472357037_n-1-1024x473.jpg 1024w, https:\/\/radiostudiow.com.br\/site\/wp-content\/uploads\/2022\/08\/299171062_371322785191676_5447062420472357037_n-1-300x139.jpg 300w, https:\/\/radiostudiow.com.br\/site\/wp-content\/uploads\/2022\/08\/299171062_371322785191676_5447062420472357037_n-1-768x355.jpg 768w, https:\/\/radiostudiow.com.br\/site\/wp-content\/uploads\/2022\/08\/299171062_371322785191676_5447062420472357037_n-1.jpg 1386w\" sizes=\"auto, (max-width: 1024px) 100vw, 1024px\" \/><\/figure>\n\n\n\n<figure class=\"wp-block-image size-large\"><img decoding=\"async\" data-id=\"8610\" src=\"https:\/\/radiostudiow.com.br\/site\/wp-content\/uploads\/2022\/08\/299608225_371322721858349_7686284427570215240_n-1024x473.jpg\" alt=\"\" class=\"wp-image-8610\"\/><\/figure>\n<\/figure>\n\n\n\n<figure class=\"wp-block-image size-full\"><img decoding=\"async\" src=\"https:\/\/radiostudiow.com.br\/site\/wp-content\/uploads\/2022\/07\/BAHNIUK.jpg\" alt=\"\" class=\"wp-image-8307\"\/><\/figure>\n\n\n\n<figure class=\"wp-block-gallery has-nested-images columns-default is-cropped wp-block-gallery-2 is-layout-flex wp-block-gallery-is-layout-flex\">\n<figure class=\"wp-block-image size-large\"><img decoding=\"async\" data-id=\"8601\" src=\"https:\/\/radiostudiow.com.br\/site\/wp-content\/uploads\/2022\/08\/298258355_371322485191706_7196617372681387982_n-1024x473.jpg\" alt=\"\" class=\"wp-image-8601\"\/><\/figure>\n\n\n\n<figure class=\"wp-block-image size-large\"><img loading=\"lazy\" decoding=\"async\" width=\"1024\" height=\"473\" data-id=\"8604\" src=\"https:\/\/radiostudiow.com.br\/site\/wp-content\/uploads\/2022\/08\/298964555_371322201858401_6614432352184676279_n-1024x473.jpg\" alt=\"\" class=\"wp-image-8604\" srcset=\"https:\/\/radiostudiow.com.br\/site\/wp-content\/uploads\/2022\/08\/298964555_371322201858401_6614432352184676279_n-1024x473.jpg 1024w, https:\/\/radiostudiow.com.br\/site\/wp-content\/uploads\/2022\/08\/298964555_371322201858401_6614432352184676279_n-300x138.jpg 300w, https:\/\/radiostudiow.com.br\/site\/wp-content\/uploads\/2022\/08\/298964555_371322201858401_6614432352184676279_n-768x354.jpg 768w, https:\/\/radiostudiow.com.br\/site\/wp-content\/uploads\/2022\/08\/298964555_371322201858401_6614432352184676279_n.jpg 1387w\" sizes=\"auto, (max-width: 1024px) 100vw, 1024px\" \/><\/figure>\n\n\n\n<figure class=\"wp-block-image size-large\"><img loading=\"lazy\" decoding=\"async\" width=\"1024\" height=\"473\" data-id=\"8600\" src=\"https:\/\/radiostudiow.com.br\/site\/wp-content\/uploads\/2022\/08\/299188064_371322141858407_1452532670905331348_n-1024x473.jpg\" alt=\"\" class=\"wp-image-8600\" srcset=\"https:\/\/radiostudiow.com.br\/site\/wp-content\/uploads\/2022\/08\/299188064_371322141858407_1452532670905331348_n-1024x473.jpg 1024w, https:\/\/radiostudiow.com.br\/site\/wp-content\/uploads\/2022\/08\/299188064_371322141858407_1452532670905331348_n-300x139.jpg 300w, https:\/\/radiostudiow.com.br\/site\/wp-content\/uploads\/2022\/08\/299188064_371322141858407_1452532670905331348_n-768x355.jpg 768w, https:\/\/radiostudiow.com.br\/site\/wp-content\/uploads\/2022\/08\/299188064_371322141858407_1452532670905331348_n.jpg 1386w\" sizes=\"auto, (max-width: 1024px) 100vw, 1024px\" \/><\/figure>\n<\/figure>\n","protected":false},"excerpt":{"rendered":"<p>Na noite dessa ter\u00e7a-feira, 16 de agosto, a Secretaria de Educa\u00e7\u00e3o de Mallet juntamente com a Pol\u00edcia Militar do Estado do Paran\u00e1 realizou a formatura no Proerd &#8211; Programa Educacional de Resist\u00eancia \u00e0s Drogas e \u00e0 Viol\u00eancia. Alunos dos 5\u00ba anos das escolas da rede p\u00fablica municipal de ensino juntamente com alunos da Escola Raio [&hellip;]<\/p>\n","protected":false},"author":2,"featured_media":8608,"comment_status":"open","ping_status":"open","sticky":false,"template":"","format":"standard","meta":{"footnotes":""},"categories":[7],"tags":[172],"class_list":["post-8598","post","type-post","status-publish","format-standard","has-post-thumbnail","hentry","category-geral","tag-featured"],"amp_enabled":true,"_links":{"self":[{"href":"https:\/\/radiostudiow.com.br\/site\/wp-json\/wp\/v2\/posts\/8598","targetHints":{"allow":["GET"]}}],"collection":[{"href":"https:\/\/radiostudiow.com.br\/site\/wp-json\/wp\/v2\/posts"}],"about":[{"href":"https:\/\/radiostudiow.com.br\/site\/wp-json\/wp\/v2\/types\/post"}],"author":[{"embeddable":true,"href":"https:\/\/radiostudiow.com.br\/site\/wp-json\/wp\/v2\/users\/2"}],"replies":[{"embeddable":true,"href":"https:\/\/radiostudiow.com.br\/site\/wp-json\/wp\/v2\/comments?post=8598"}],"version-history":[{"count":1,"href":"https:\/\/radiostudiow.com.br\/site\/wp-json\/wp\/v2\/posts\/8598\/revisions"}],"predecessor-version":[{"id":8614,"href":"https:\/\/radiostudiow.com.br\/site\/wp-json\/wp\/v2\/posts\/8598\/revisions\/8614"}],"wp:featuredmedia":[{"embeddable":true,"href":"https:\/\/radiostudiow.com.br\/site\/wp-json\/wp\/v2\/media\/8608"}],"wp:attachment":[{"href":"https:\/\/radiostudiow.com.br\/site\/wp-json\/wp\/v2\/media?parent=8598"}],"wp:term":[{"taxonomy":"category","embeddable":true,"href":"https:\/\/radiostudiow.com.br\/site\/wp-json\/wp\/v2\/categories?post=8598"},{"taxonomy":"post_tag","embeddable":true,"href":"https:\/\/radiostudiow.com.br\/site\/wp-json\/wp\/v2\/tags?post=8598"}],"curies":[{"name":"wp","href":"https:\/\/api.w.org\/{rel}","templated":true}]}}