{"id":8615,"date":"2022-08-17T18:22:45","date_gmt":"2022-08-17T21:22:45","guid":{"rendered":"https:\/\/radiostudiow.com.br\/site\/?p=8615"},"modified":"2025-01-31T15:09:58","modified_gmt":"2025-01-31T18:09:58","slug":"policia-civil-e-militar-de-mallet-comprem-mandado-de-prisao","status":"publish","type":"post","link":"https:\/\/radiostudiow.com.br\/site\/2022\/08\/17\/policia-civil-e-militar-de-mallet-comprem-mandado-de-prisao\/","title":{"rendered":"Pol\u00edcia Civil e Militar de Mallet comprem mandado de pris\u00e3o"},"content":{"rendered":"\n<figure class=\"wp-block-image size-full\"><img decoding=\"async\" src=\"https:\/\/radiostudiow.com.br\/site\/wp-content\/uploads\/2022\/06\/SICREDI.jpg\" alt=\"\" class=\"wp-image-7695\"\/><\/figure>\n\n\n\n<p>A equipe da Pol\u00edcia Militar tomou conhecimento juntamente como a Policia Civil de Mallet, que na localidade de Col\u00f4nia Passinhos havia um homem que em seu desfavor teria mandado de pris\u00e3o.<\/p>\n\n\n\n<p>As equipes policiais se deslocaram at\u00e9 a \u00e1rea rural por voltas das 15:15 horas dessa ter\u00e7a-feira, 16 de agosto, onde o autor foi localizado em uma propriedade.<\/p>\n\n\n\n<p>Sendo dada ci\u00eancia do mandado de pris\u00e3o, lidos seus direitos constitucionais e encaminhado o mesmo at\u00e9 10\u00aa D.R.P. para procedimentos cab\u00edveis.<\/p>\n\n\n\n<figure class=\"wp-block-image size-full\"><img decoding=\"async\" src=\"https:\/\/radiostudiow.com.br\/site\/wp-content\/uploads\/2022\/05\/SEPAC.jpg\" alt=\"\" class=\"wp-image-7600\"\/><\/figure>\n","protected":false},"excerpt":{"rendered":"<p>A equipe da Pol\u00edcia Militar tomou conhecimento juntamente como a Policia Civil de Mallet, que na localidade de Col\u00f4nia Passinhos havia um homem que em seu desfavor teria mandado de pris\u00e3o. As equipes policiais se deslocaram at\u00e9 a \u00e1rea rural por voltas das 15:15 horas dessa ter\u00e7a-feira, 16 de agosto, onde o autor foi localizado [&hellip;]<\/p>\n","protected":false},"author":2,"featured_media":6898,"comment_status":"open","ping_status":"open","sticky":false,"template":"","format":"standard","meta":{"footnotes":""},"categories":[2],"tags":[172],"class_list":["post-8615","post","type-post","status-publish","format-standard","has-post-thumbnail","hentry","category-policial","tag-featured"],"amp_enabled":true,"_links":{"self":[{"href":"https:\/\/radiostudiow.com.br\/site\/wp-json\/wp\/v2\/posts\/8615","targetHints":{"allow":["GET"]}}],"collection":[{"href":"https:\/\/radiostudiow.com.br\/site\/wp-json\/wp\/v2\/posts"}],"about":[{"href":"https:\/\/radiostudiow.com.br\/site\/wp-json\/wp\/v2\/types\/post"}],"author":[{"embeddable":true,"href":"https:\/\/radiostudiow.com.br\/site\/wp-json\/wp\/v2\/users\/2"}],"replies":[{"embeddable":true,"href":"https:\/\/radiostudiow.com.br\/site\/wp-json\/wp\/v2\/comments?post=8615"}],"version-history":[{"count":2,"href":"https:\/\/radiostudiow.com.br\/site\/wp-json\/wp\/v2\/posts\/8615\/revisions"}],"predecessor-version":[{"id":8618,"href":"https:\/\/radiostudiow.com.br\/site\/wp-json\/wp\/v2\/posts\/8615\/revisions\/8618"}],"wp:featuredmedia":[{"embeddable":true,"href":"https:\/\/radiostudiow.com.br\/site\/wp-json\/wp\/v2\/media\/6898"}],"wp:attachment":[{"href":"https:\/\/radiostudiow.com.br\/site\/wp-json\/wp\/v2\/media?parent=8615"}],"wp:term":[{"taxonomy":"category","embeddable":true,"href":"https:\/\/radiostudiow.com.br\/site\/wp-json\/wp\/v2\/categories?post=8615"},{"taxonomy":"post_tag","embeddable":true,"href":"https:\/\/radiostudiow.com.br\/site\/wp-json\/wp\/v2\/tags?post=8615"}],"curies":[{"name":"wp","href":"https:\/\/api.w.org\/{rel}","templated":true}]}}