{"id":8636,"date":"2022-08-18T12:19:25","date_gmt":"2022-08-18T15:19:25","guid":{"rendered":"https:\/\/radiostudiow.com.br\/site\/?p=8636"},"modified":"2025-01-31T15:09:58","modified_gmt":"2025-01-31T18:09:58","slug":"cerca-de-100-saqueadores-ataca-carga-de-farinha-apos-acidente-em-general-carneiro","status":"publish","type":"post","link":"https:\/\/radiostudiow.com.br\/site\/2022\/08\/18\/cerca-de-100-saqueadores-ataca-carga-de-farinha-apos-acidente-em-general-carneiro\/","title":{"rendered":"Cerca de 100 saqueadores ataca carga de farinha ap\u00f3s acidente em General Carneiro"},"content":{"rendered":"\n<p>Um caso de saque de carga ocorreu na rodovia BR-153 na regi\u00e3o de General Carneiro durante essa quarta-feira, 17 de agosto, sendo necess\u00e1rio a interven\u00e7\u00e3o da Pol\u00edcia Militar.<\/p>\n\n\n\n<figure class=\"wp-block-image size-full\"><img decoding=\"async\" src=\"https:\/\/radiostudiow.com.br\/site\/wp-content\/uploads\/2022\/07\/1200-0k.gif\" alt=\"\" class=\"wp-image-8132\"\/><\/figure>\n\n\n\n<p>De acordo com informa\u00e7\u00f5es, um caminh\u00e3o Bi-trem carregada com farinha acabou tombando na BR-153 na comunidade do Marco 5, sendo que rapidamente um grupo de saqueadores chegou ao local, obrigando que o motorista buscasse pela Pol\u00edcia.<\/p>\n\n\n\n<p>No boletim de ocorr\u00eancias registrado na PM, \u00e9 destacado que a carga foi atacada por um grupo com cerca de 100 saqueadores. No local, equipes policiais realizaram policiamento ostensivo e dispersaram o grupo. O motorista foi orientado e informou que a seguradora estava \u00e0 caminho com uma equipe de seguran\u00e7as.<\/p>\n\n\n\n<p>Nos \u00faltimos dias, outros casos de saque de carga de caminh\u00f5es que se envolveram em acidente na BR-153 em General Carneiro foram registrados, o que liga novamente um alerta para o grupo de saqueadores que atua naquela regi\u00e3o.<\/p>\n\n\n\n<figure class=\"wp-block-image size-full\"><img decoding=\"async\" src=\"https:\/\/radiostudiow.com.br\/site\/wp-content\/uploads\/2022\/07\/QUERO.QUERO_.jpg\" alt=\"\" class=\"wp-image-8289\"\/><\/figure>\n","protected":false},"excerpt":{"rendered":"<p>Um caso de saque de carga ocorreu na rodovia BR-153 na regi\u00e3o de General Carneiro durante essa quarta-feira, 17 de agosto, sendo necess\u00e1rio a interven\u00e7\u00e3o da Pol\u00edcia Militar. De acordo com informa\u00e7\u00f5es, um caminh\u00e3o Bi-trem carregada com farinha acabou tombando na BR-153 na comunidade do Marco 5, sendo que rapidamente um grupo de saqueadores chegou [&hellip;]<\/p>\n","protected":false},"author":2,"featured_media":7610,"comment_status":"open","ping_status":"open","sticky":false,"template":"","format":"standard","meta":{"footnotes":""},"categories":[2],"tags":[172],"class_list":["post-8636","post","type-post","status-publish","format-standard","has-post-thumbnail","hentry","category-policial","tag-featured"],"amp_enabled":true,"_links":{"self":[{"href":"https:\/\/radiostudiow.com.br\/site\/wp-json\/wp\/v2\/posts\/8636","targetHints":{"allow":["GET"]}}],"collection":[{"href":"https:\/\/radiostudiow.com.br\/site\/wp-json\/wp\/v2\/posts"}],"about":[{"href":"https:\/\/radiostudiow.com.br\/site\/wp-json\/wp\/v2\/types\/post"}],"author":[{"embeddable":true,"href":"https:\/\/radiostudiow.com.br\/site\/wp-json\/wp\/v2\/users\/2"}],"replies":[{"embeddable":true,"href":"https:\/\/radiostudiow.com.br\/site\/wp-json\/wp\/v2\/comments?post=8636"}],"version-history":[{"count":2,"href":"https:\/\/radiostudiow.com.br\/site\/wp-json\/wp\/v2\/posts\/8636\/revisions"}],"predecessor-version":[{"id":8638,"href":"https:\/\/radiostudiow.com.br\/site\/wp-json\/wp\/v2\/posts\/8636\/revisions\/8638"}],"wp:featuredmedia":[{"embeddable":true,"href":"https:\/\/radiostudiow.com.br\/site\/wp-json\/wp\/v2\/media\/7610"}],"wp:attachment":[{"href":"https:\/\/radiostudiow.com.br\/site\/wp-json\/wp\/v2\/media?parent=8636"}],"wp:term":[{"taxonomy":"category","embeddable":true,"href":"https:\/\/radiostudiow.com.br\/site\/wp-json\/wp\/v2\/categories?post=8636"},{"taxonomy":"post_tag","embeddable":true,"href":"https:\/\/radiostudiow.com.br\/site\/wp-json\/wp\/v2\/tags?post=8636"}],"curies":[{"name":"wp","href":"https:\/\/api.w.org\/{rel}","templated":true}]}}