{"id":8640,"date":"2022-08-18T15:59:34","date_gmt":"2022-08-18T18:59:34","guid":{"rendered":"https:\/\/radiostudiow.com.br\/site\/?p=8640"},"modified":"2025-01-31T15:09:58","modified_gmt":"2025-01-31T18:09:58","slug":"vitimas-de-grave-acidente-na-br-277-foram-identificadas-e-sao-de-teixeira-soares","status":"publish","type":"post","link":"https:\/\/radiostudiow.com.br\/site\/2022\/08\/18\/vitimas-de-grave-acidente-na-br-277-foram-identificadas-e-sao-de-teixeira-soares\/","title":{"rendered":"V\u00edtimas de grave acidente na BR-277 foram identificadas e s\u00e3o de Teixeira Soares"},"content":{"rendered":"\n<p>Os corpos das tr\u00eas v\u00edtimas fatais de um dos acidentes ocorridos na tarde desta quarta-feira, 17 de agosto, na BR-277 em S\u00e3o Luiz do Purun\u00e3 v\u00e3o ser encaminhadas nesta quinta-feira (18) para a cidade de Teixeira Soares.<\/p>\n\n\n\n<p>Local onde moravam Roseli Aparecida Borges, de 46 anos, Carmelina da Paz, de 80 anos, e Dalico Santos, de 66 anos. Os tr\u00eas estavam em um ve\u00edculo da Secretaria de Sa\u00fade do munic\u00edpio que foi atingido por um caminh\u00e3o no km 137 sentido Interior.<\/p>\n\n\n\n<figure class=\"wp-block-image size-full\"><img decoding=\"async\" src=\"https:\/\/radiostudiow.com.br\/site\/wp-content\/uploads\/2022\/04\/AFUBRE-IRATI.jpg\" alt=\"\" class=\"wp-image-7116\"\/><\/figure>\n\n\n\n<p>Segundo informa\u00e7\u00f5es da secretaria, as v\u00edtimas fatais retornavam de consulta m\u00e9dica em Curitiba. Ainda de acordo com a secretaria de sa\u00fade de Teixeira Soares, familiares das v\u00edtimas est\u00e3o a caminho do IML na capital para a identifica\u00e7\u00e3o oficial e a libera\u00e7\u00e3o dos corpos; a previs\u00e3o \u00e9 que os corpos cheguem ao munic\u00edpio no per\u00edodo da tarde, e a previs\u00e3o \u00e9 que o vel\u00f3rio das v\u00edtimas seja feito em conjunto, no Gin\u00e1sio Municipal.<\/p>\n\n\n\n<p>Al\u00e9m deles, estavam no ve\u00edculo do munic\u00edpio de Teixeira Soares o motorista Geldo Ant\u00f4nio, de 57 anos, e Joelma dos Santos, de 35 anos, que \u00e9 filha de Dalico; ambos tiveram ferimentos graves e foram encaminhados ao Hospital Nossa Senhora do Rocio, em Campo Largo; de acordo com \u00faltimo boletim m\u00e9dico, os dois est\u00e3o conscientes, mas ainda correm risco de morte.<\/p>\n\n\n\n<figure class=\"wp-block-image size-full\"><img decoding=\"async\" src=\"https:\/\/radiostudiow.com.br\/site\/wp-content\/uploads\/2022\/08\/FEED-ZAIONS.jpg\" alt=\"\" class=\"wp-image-8641\"\/><\/figure>\n\n\n\n<p><strong>Fluxo na rodovia<\/strong><\/p>\n\n\n\n<p>A libera\u00e7\u00e3o total do trecho onde ocorreu a sequ\u00eancia de acidentes na BR-277 foi liberado totalmente apenas por volta das 22 horas desta quarta-feira (17); segundo informa\u00e7\u00f5es da Pol\u00edcia Rodovi\u00e1ria Federal (PRF), a densa neblina e a chuva dificultaram ainda mais o trabalho das equipes e obrigou um cuidado especial dos oficiais para a libera\u00e7\u00e3o do trecho. De acordo com a PRF, a lentid\u00e3o no trecho que liga Curitiba a Ponta Grossa e demais regi\u00f5es do Interior do Estado chegou a 20 quil\u00f4metros.<\/p>\n\n\n\n<figure class=\"wp-block-image size-full\"><img decoding=\"async\" src=\"https:\/\/radiostudiow.com.br\/site\/wp-content\/uploads\/2022\/06\/vem_ai.jpg\" alt=\"\" class=\"wp-image-7789\"\/><\/figure>\n\n\n\n<p><em>Com informa\u00e7\u00f5es aRede<\/em><\/p>\n","protected":false},"excerpt":{"rendered":"<p>Os corpos das tr\u00eas v\u00edtimas fatais de um dos acidentes ocorridos na tarde desta quarta-feira, 17 de agosto, na BR-277 em S\u00e3o Luiz do Purun\u00e3 v\u00e3o ser encaminhadas nesta quinta-feira (18) para a cidade de Teixeira Soares. Local onde moravam Roseli Aparecida Borges, de 46 anos, Carmelina da Paz, de 80 anos, e Dalico Santos, [&hellip;]<\/p>\n","protected":false},"author":2,"featured_media":8642,"comment_status":"open","ping_status":"open","sticky":false,"template":"","format":"standard","meta":{"footnotes":""},"categories":[2],"tags":[172],"class_list":["post-8640","post","type-post","status-publish","format-standard","has-post-thumbnail","hentry","category-policial","tag-featured"],"amp_enabled":true,"_links":{"self":[{"href":"https:\/\/radiostudiow.com.br\/site\/wp-json\/wp\/v2\/posts\/8640","targetHints":{"allow":["GET"]}}],"collection":[{"href":"https:\/\/radiostudiow.com.br\/site\/wp-json\/wp\/v2\/posts"}],"about":[{"href":"https:\/\/radiostudiow.com.br\/site\/wp-json\/wp\/v2\/types\/post"}],"author":[{"embeddable":true,"href":"https:\/\/radiostudiow.com.br\/site\/wp-json\/wp\/v2\/users\/2"}],"replies":[{"embeddable":true,"href":"https:\/\/radiostudiow.com.br\/site\/wp-json\/wp\/v2\/comments?post=8640"}],"version-history":[{"count":1,"href":"https:\/\/radiostudiow.com.br\/site\/wp-json\/wp\/v2\/posts\/8640\/revisions"}],"predecessor-version":[{"id":8643,"href":"https:\/\/radiostudiow.com.br\/site\/wp-json\/wp\/v2\/posts\/8640\/revisions\/8643"}],"wp:featuredmedia":[{"embeddable":true,"href":"https:\/\/radiostudiow.com.br\/site\/wp-json\/wp\/v2\/media\/8642"}],"wp:attachment":[{"href":"https:\/\/radiostudiow.com.br\/site\/wp-json\/wp\/v2\/media?parent=8640"}],"wp:term":[{"taxonomy":"category","embeddable":true,"href":"https:\/\/radiostudiow.com.br\/site\/wp-json\/wp\/v2\/categories?post=8640"},{"taxonomy":"post_tag","embeddable":true,"href":"https:\/\/radiostudiow.com.br\/site\/wp-json\/wp\/v2\/tags?post=8640"}],"curies":[{"name":"wp","href":"https:\/\/api.w.org\/{rel}","templated":true}]}}