{"id":8644,"date":"2022-08-18T17:12:10","date_gmt":"2022-08-18T20:12:10","guid":{"rendered":"https:\/\/radiostudiow.com.br\/site\/?p=8644"},"modified":"2025-01-31T15:09:58","modified_gmt":"2025-01-31T18:09:58","slug":"patrulha-rural-de-sao-mateus-do-sul-recupera-carreta-scania-que-havia-sido-furtada","status":"publish","type":"post","link":"https:\/\/radiostudiow.com.br\/site\/2022\/08\/18\/patrulha-rural-de-sao-mateus-do-sul-recupera-carreta-scania-que-havia-sido-furtada\/","title":{"rendered":"Patrulha Rural de S\u00e3o Mateus do Sul recupera carreta Scania que havia sido furtada"},"content":{"rendered":"\n<p>A equipe da Patrulha Rural de S\u00e3o Mateus do Sul recuperou uma carreta Sc\u00e2nia que havia sido furtada no dia 16 de agosto. <\/p>\n\n\n\n<figure class=\"wp-block-image size-full\"><img decoding=\"async\" src=\"https:\/\/radiostudiow.com.br\/site\/wp-content\/uploads\/2022\/03\/SICREDI.jpg\" alt=\"\" class=\"wp-image-6409\"\/><\/figure>\n\n\n\n<p>Os policiais foram acionados para comparecer no p\u00e1tio do Posto S\u00e3o Crist\u00f3v\u00e3o, \u00e0s margens da rodovia do Xisto, na BR-476 km 207, onde teria uma carreta parada e uma caminhonete S10 preta rondando no p\u00e1tio.<\/p>\n\n\n\n<p>Ao chegar no local juntamente com a equipe RPA foi visualizado a carreta parada e ao lado o cavalinho Scania. Diante dos fatos foi entrado em contato com a delegacia de S\u00e3o Mateus do Sul que repassou as orienta\u00e7\u00f5es para entregar o caminh\u00e3o para o propriet\u00e1rio.<\/p>\n\n\n\n<p>Seguindo com o patrulhamento foi abordada a caminhonete S10 preta e indagado sobre o fato, este informou que parou pr\u00f3ximo ao caminh\u00e3o para fazer uma liga\u00e7\u00e3o. Como nada de il\u00edcito foi localizado o condutor ele foi liberado.<\/p>\n\n\n\n<p>Compareceu no local o propriet\u00e1rio e ficou respons\u00e1vel pelo caminh\u00e3o.<\/p>\n\n\n\n<figure class=\"wp-block-image size-full\"><img decoding=\"async\" src=\"https:\/\/radiostudiow.com.br\/site\/wp-content\/uploads\/2022\/05\/SEPAC.jpg\" alt=\"\" class=\"wp-image-7600\"\/><\/figure>\n","protected":false},"excerpt":{"rendered":"<p>A equipe da Patrulha Rural de S\u00e3o Mateus do Sul recuperou uma carreta Sc\u00e2nia que havia sido furtada no dia 16 de agosto. Os policiais foram acionados para comparecer no p\u00e1tio do Posto S\u00e3o Crist\u00f3v\u00e3o, \u00e0s margens da rodovia do Xisto, na BR-476 km 207, onde teria uma carreta parada e uma caminhonete S10 preta [&hellip;]<\/p>\n","protected":false},"author":2,"featured_media":0,"comment_status":"open","ping_status":"open","sticky":false,"template":"","format":"standard","meta":{"footnotes":""},"categories":[2],"tags":[172],"class_list":["post-8644","post","type-post","status-publish","format-standard","hentry","category-policial","tag-featured"],"amp_enabled":true,"_links":{"self":[{"href":"https:\/\/radiostudiow.com.br\/site\/wp-json\/wp\/v2\/posts\/8644","targetHints":{"allow":["GET"]}}],"collection":[{"href":"https:\/\/radiostudiow.com.br\/site\/wp-json\/wp\/v2\/posts"}],"about":[{"href":"https:\/\/radiostudiow.com.br\/site\/wp-json\/wp\/v2\/types\/post"}],"author":[{"embeddable":true,"href":"https:\/\/radiostudiow.com.br\/site\/wp-json\/wp\/v2\/users\/2"}],"replies":[{"embeddable":true,"href":"https:\/\/radiostudiow.com.br\/site\/wp-json\/wp\/v2\/comments?post=8644"}],"version-history":[{"count":1,"href":"https:\/\/radiostudiow.com.br\/site\/wp-json\/wp\/v2\/posts\/8644\/revisions"}],"predecessor-version":[{"id":8647,"href":"https:\/\/radiostudiow.com.br\/site\/wp-json\/wp\/v2\/posts\/8644\/revisions\/8647"}],"wp:attachment":[{"href":"https:\/\/radiostudiow.com.br\/site\/wp-json\/wp\/v2\/media?parent=8644"}],"wp:term":[{"taxonomy":"category","embeddable":true,"href":"https:\/\/radiostudiow.com.br\/site\/wp-json\/wp\/v2\/categories?post=8644"},{"taxonomy":"post_tag","embeddable":true,"href":"https:\/\/radiostudiow.com.br\/site\/wp-json\/wp\/v2\/tags?post=8644"}],"curies":[{"name":"wp","href":"https:\/\/api.w.org\/{rel}","templated":true}]}}