{"id":8649,"date":"2022-08-19T11:47:58","date_gmt":"2022-08-19T14:47:58","guid":{"rendered":"https:\/\/radiostudiow.com.br\/site\/?p=8649"},"modified":"2025-01-31T15:09:58","modified_gmt":"2025-01-31T18:09:58","slug":"carro-e-atingido-por-poste-que-caiu-apos-rajadas-de-vento-em-guarapuava","status":"publish","type":"post","link":"https:\/\/radiostudiow.com.br\/site\/2022\/08\/19\/carro-e-atingido-por-poste-que-caiu-apos-rajadas-de-vento-em-guarapuava\/","title":{"rendered":"Carro \u00e9 atingido por poste que caiu ap\u00f3s rajadas de vento em Guarapuava"},"content":{"rendered":"\n<p>Um carro foi atingido por um poste que caiu na BR-277 em Guarapuava, na regi\u00e3o central do Paran\u00e1, ap\u00f3s fortes rajadas de vento registradas na madrugada desta quinta-feira (18).<\/p>\n\n\n\n<p>O motorista do ve\u00edculo n\u00e3o se feriu. As informa\u00e7\u00f5es foram divulgadas pelo G1.<\/p>\n\n\n\n<figure class=\"wp-block-image size-full\"><img decoding=\"async\" src=\"https:\/\/radiostudiow.com.br\/site\/wp-content\/uploads\/2022\/07\/IMOB-SUL.jpg\" alt=\"\" class=\"wp-image-8292\"\/><\/figure>\n\n\n\n<blockquote class=\"wp-block-quote is-layout-flow wp-block-quote-is-layout-flow\"><p><em>\u201cNo momento eu n\u00e3o sabia o que era, se eu tinha batido em alguma coisa. S\u00f3 quando sa\u00ed que vi que era um poste. Eu n\u00e3o me feri, est\u00e1 tudo bem, apenas come\u00e7ou a fazer fuma\u00e7a e a\u00ed sa\u00ed de dentro com medo de pegar fogo. Mas gra\u00e7as a Deus foi s\u00f3 mesmo danos materiais\u201d, contou.<\/em><\/p><\/blockquote>\n\n\n\n<p>Desde a noite de quarta-feira, 17 de agosto, a cidade registrou ventos de at\u00e9 78 km\/h e tamb\u00e9m 57 mil\u00edmetros de chuva. Na BR-277, foram quatro postes com queda por conta da condi\u00e7\u00e3o clim\u00e1tica. Os problemas foram registrados na regi\u00e3o do aeroporto da cidade.<\/p>\n\n\n\n<p>O ve\u00edculo e o poste foram retirados por volta das 08:00 horas desta quinta-feira (18).<\/p>\n\n\n\n<p>Na marginal da rodovia, o tr\u00e2nsito ficou bloqueado durante a madrugada e esta manh\u00e3 por conta dos estragos. Moradores tamb\u00e9m relataram falta de luz no local.<\/p>\n\n\n\n<figure class=\"wp-block-image size-full\"><img decoding=\"async\" src=\"https:\/\/radiostudiow.com.br\/site\/wp-content\/uploads\/2022\/08\/image.png\" alt=\"\" class=\"wp-image-8498\"\/><\/figure>\n","protected":false},"excerpt":{"rendered":"<p>Um carro foi atingido por um poste que caiu na BR-277 em Guarapuava, na regi\u00e3o central do Paran\u00e1, ap\u00f3s fortes rajadas de vento registradas na madrugada desta quinta-feira (18). O motorista do ve\u00edculo n\u00e3o se feriu. As informa\u00e7\u00f5es foram divulgadas pelo G1. \u201cNo momento eu n\u00e3o sabia o que era, se eu tinha batido em [&hellip;]<\/p>\n","protected":false},"author":2,"featured_media":0,"comment_status":"open","ping_status":"open","sticky":false,"template":"","format":"standard","meta":{"footnotes":""},"categories":[2],"tags":[172],"class_list":["post-8649","post","type-post","status-publish","format-standard","hentry","category-policial","tag-featured"],"amp_enabled":true,"_links":{"self":[{"href":"https:\/\/radiostudiow.com.br\/site\/wp-json\/wp\/v2\/posts\/8649","targetHints":{"allow":["GET"]}}],"collection":[{"href":"https:\/\/radiostudiow.com.br\/site\/wp-json\/wp\/v2\/posts"}],"about":[{"href":"https:\/\/radiostudiow.com.br\/site\/wp-json\/wp\/v2\/types\/post"}],"author":[{"embeddable":true,"href":"https:\/\/radiostudiow.com.br\/site\/wp-json\/wp\/v2\/users\/2"}],"replies":[{"embeddable":true,"href":"https:\/\/radiostudiow.com.br\/site\/wp-json\/wp\/v2\/comments?post=8649"}],"version-history":[{"count":1,"href":"https:\/\/radiostudiow.com.br\/site\/wp-json\/wp\/v2\/posts\/8649\/revisions"}],"predecessor-version":[{"id":8651,"href":"https:\/\/radiostudiow.com.br\/site\/wp-json\/wp\/v2\/posts\/8649\/revisions\/8651"}],"wp:attachment":[{"href":"https:\/\/radiostudiow.com.br\/site\/wp-json\/wp\/v2\/media?parent=8649"}],"wp:term":[{"taxonomy":"category","embeddable":true,"href":"https:\/\/radiostudiow.com.br\/site\/wp-json\/wp\/v2\/categories?post=8649"},{"taxonomy":"post_tag","embeddable":true,"href":"https:\/\/radiostudiow.com.br\/site\/wp-json\/wp\/v2\/tags?post=8649"}],"curies":[{"name":"wp","href":"https:\/\/api.w.org\/{rel}","templated":true}]}}